{"id":1333,"date":"2017-05-09T07:00:41","date_gmt":"2017-05-09T05:00:41","guid":{"rendered":"https:\/\/www.neuromuscularbcn.org\/comenca-el-vi-curs-de-formacio-en-malalties-neuromusculars\/"},"modified":"2017-05-09T07:00:41","modified_gmt":"2017-05-09T05:00:41","slug":"comenca-el-vi-curs-de-formacio-en-malalties-neuromusculars","status":"publish","type":"post","link":"https:\/\/www.neuromuscularbcn.org\/ca\/comenca-el-vi-curs-de-formacio-en-malalties-neuromusculars\/","title":{"rendered":"Comen\u00e7a el VI Curs de Formaci\u00f3 en Malalties Neuromusculars"},"content":{"rendered":"<p><img decoding=\"async\" class=\"alignleft size-medium wp-image-1314\" src=\"https:\/\/www.neuromuscularbcn.org\/wp-content\/uploads\/2017\/03\/curso_neuromusculo2017_banner_pequ-400x182.jpg\" alt=\"\" width=\"400\" height=\"182\" \/>Avui dimarts 9 de maig, comen\u00e7a el VI Curs de Formaci\u00f3 en Malalties Neuromusculars organitzat per la Unitat de Malalties Neuromusculars de l\u2019Hospital de la Santa Creu i Sant Pau. El curs es realitzar\u00e0 a la sala d\u2019actes de l\u2019hospital i contar\u00e0 amb la pres\u00e8ncia de professors especialistes en malalties neuromusculars de tota Espanya. El curs est\u00e0 dirigit a adjunts de neurologia i residents de quart any interessats en aquestes patologies i tenen com objectiu actualitzar i ampliar la formaci\u00f3 d\u2019aquests neur\u00f2legs i residents a les malalties del sistema nervi\u00f3s perif\u00e8ric. El curs est\u00e0 acreditat per la Societat Espanyola de Neurologia (SEN) i per la Comissi\u00f3 de Formaci\u00f3 continuada del Sistema Nacional de Salud.<\/p>\n<p>&nbsp;<\/p>\n<p><em><strong>M\u00e9s Informaci\u00f3:<\/strong><\/em><br \/>\n<a href=\"https:\/\/www.neuromuscularbcn.org\/docencia\/curso-de-enfermedades-neuromusculares\/\">VI Curs de Formaci\u00f3 en Malalties Neuromusculars<\/a><\/p>\n<p>&nbsp;<\/p>\n","protected":false},"excerpt":{"rendered":"<p>Avui dimarts 9 de maig, comen\u00e7a el VI Curs de Formaci\u00f3 en Malalties Neuromusculars organitzat per la Unitat de Malalties Neuromusculars de l\u2019Hospital de la Santa Creu i Sant Pau. El curs es realitzar\u00e0 a la sala d\u2019actes de l\u2019hospital i contar\u00e0 amb la pres\u00e8ncia de professors especialistes en malalties neuromusculars de tota Espanya. El curs est\u00e0 dirigit a adjunts de neurologia i residents de quart any interessats en aquestes patologies i tenen com  [&#8230;]<\/p>\n","protected":false},"author":1,"featured_media":1334,"comment_status":"open","ping_status":"open","sticky":false,"template":"","format":"standard","meta":{"_acf_changed":false,"inline_featured_image":false,"footnotes":""},"categories":[20],"tags":[57,27],"class_list":["post-1333","post","type-post","status-publish","format-standard","has-post-thumbnail","hentry","category-uncategorized-ca","tag-formacio","tag-neuromuscular"],"acf":[],"yoast_head":"<!-- This site is optimized with the Yoast SEO plugin v27.2 - https:\/\/yoast.com\/product\/yoast-seo-wordpress\/ -->\n<title>Comen\u00e7a el VI Curs de Formaci\u00f3 en Malalties Neuromusculars - Neuromuscular BCN<\/title>\n<meta name=\"robots\" content=\"index, follow, max-snippet:-1, max-image-preview:large, max-video-preview:-1\" \/>\n<link rel=\"canonical\" href=\"https:\/\/www.neuromuscularbcn.org\/ca\/comenca-el-vi-curs-de-formacio-en-malalties-neuromusculars\/\" \/>\n<meta property=\"og:locale\" content=\"ca_ES\" \/>\n<meta property=\"og:type\" content=\"article\" \/>\n<meta property=\"og:title\" content=\"Comen\u00e7a el VI Curs de Formaci\u00f3 en Malalties Neuromusculars - Neuromuscular BCN\" \/>\n<meta property=\"og:description\" content=\"Avui dimarts 9 de maig, comen\u00e7a el VI Curs de Formaci\u00f3 en Malalties Neuromusculars organitzat per la Unitat de Malalties Neuromusculars de l\u2019Hospital de la Santa Creu i Sant Pau. El curs es realitzar\u00e0 a la sala d\u2019actes de l\u2019hospital i contar\u00e0 amb la pres\u00e8ncia de professors especialistes en malalties neuromusculars de tota Espanya. El curs est\u00e0 dirigit a adjunts de neurologia i residents de quart any interessats en aquestes patologies i tenen com [...]\" \/>\n<meta property=\"og:url\" content=\"https:\/\/www.neuromuscularbcn.org\/ca\/comenca-el-vi-curs-de-formacio-en-malalties-neuromusculars\/\" \/>\n<meta property=\"og:site_name\" content=\"Neuromuscular BCN\" \/>\n<meta property=\"article:published_time\" content=\"2017-05-09T05:00:41+00:00\" \/>\n<meta property=\"og:image\" content=\"https:\/\/www.neuromuscularbcn.org\/wp-content\/uploads\/2025\/03\/curso_neuromusculo2017_banner_pequ-1.jpg\" \/>\n\t<meta property=\"og:image:width\" content=\"500\" \/>\n\t<meta property=\"og:image:height\" content=\"227\" \/>\n\t<meta property=\"og:image:type\" content=\"image\/jpeg\" \/>\n<meta name=\"author\" content=\"Neuromuscular BCN\" \/>\n<meta name=\"twitter:card\" content=\"summary_large_image\" \/>\n<meta name=\"twitter:creator\" content=\"@NMDSantPau\" \/>\n<meta name=\"twitter:site\" content=\"@NMDSantPau\" \/>\n<meta name=\"twitter:label1\" content=\"Escrit per\" \/>\n\t<meta name=\"twitter:data1\" content=\"Neuromuscular BCN\" \/>\n\t<meta name=\"twitter:label2\" content=\"Temps estimat de lectura\" \/>\n\t<meta name=\"twitter:data2\" content=\"1 minut\" \/>\n<script type=\"application\/ld+json\" class=\"yoast-schema-graph\">{\"@context\":\"https:\/\/schema.org\",\"@graph\":[{\"@type\":\"Article\",\"@id\":\"https:\/\/www.neuromuscularbcn.org\/ca\/comenca-el-vi-curs-de-formacio-en-malalties-neuromusculars\/#article\",\"isPartOf\":{\"@id\":\"https:\/\/www.neuromuscularbcn.org\/ca\/comenca-el-vi-curs-de-formacio-en-malalties-neuromusculars\/\"},\"author\":{\"name\":\"Neuromuscular BCN\",\"@id\":\"https:\/\/www.neuromuscularbcn.org\/ca\/#\/schema\/person\/b0c7d47c54d548fc8759ca3893db821f\"},\"headline\":\"Comen\u00e7a el VI Curs de Formaci\u00f3 en Malalties Neuromusculars\",\"datePublished\":\"2017-05-09T05:00:41+00:00\",\"mainEntityOfPage\":{\"@id\":\"https:\/\/www.neuromuscularbcn.org\/ca\/comenca-el-vi-curs-de-formacio-en-malalties-neuromusculars\/\"},\"wordCount\":144,\"commentCount\":0,\"publisher\":{\"@id\":\"https:\/\/www.neuromuscularbcn.org\/ca\/#organization\"},\"image\":{\"@id\":\"https:\/\/www.neuromuscularbcn.org\/ca\/comenca-el-vi-curs-de-formacio-en-malalties-neuromusculars\/#primaryimage\"},\"thumbnailUrl\":\"https:\/\/www.neuromuscularbcn.org\/wp-content\/uploads\/2025\/03\/curso_neuromusculo2017_banner_pequ-1.jpg\",\"keywords\":[\"Formaci\u00f3\",\"Neuromuscular\"],\"articleSection\":[\"Uncategorized @ca\"],\"inLanguage\":\"ca\",\"potentialAction\":[{\"@type\":\"CommentAction\",\"name\":\"Comment\",\"target\":[\"https:\/\/www.neuromuscularbcn.org\/ca\/comenca-el-vi-curs-de-formacio-en-malalties-neuromusculars\/#respond\"]}]},{\"@type\":\"WebPage\",\"@id\":\"https:\/\/www.neuromuscularbcn.org\/ca\/comenca-el-vi-curs-de-formacio-en-malalties-neuromusculars\/\",\"url\":\"https:\/\/www.neuromuscularbcn.org\/ca\/comenca-el-vi-curs-de-formacio-en-malalties-neuromusculars\/\",\"name\":\"Comen\u00e7a el VI Curs de Formaci\u00f3 en Malalties Neuromusculars - Neuromuscular BCN\",\"isPartOf\":{\"@id\":\"https:\/\/www.neuromuscularbcn.org\/ca\/#website\"},\"primaryImageOfPage\":{\"@id\":\"https:\/\/www.neuromuscularbcn.org\/ca\/comenca-el-vi-curs-de-formacio-en-malalties-neuromusculars\/#primaryimage\"},\"image\":{\"@id\":\"https:\/\/www.neuromuscularbcn.org\/ca\/comenca-el-vi-curs-de-formacio-en-malalties-neuromusculars\/#primaryimage\"},\"thumbnailUrl\":\"https:\/\/www.neuromuscularbcn.org\/wp-content\/uploads\/2025\/03\/curso_neuromusculo2017_banner_pequ-1.jpg\",\"datePublished\":\"2017-05-09T05:00:41+00:00\",\"breadcrumb\":{\"@id\":\"https:\/\/www.neuromuscularbcn.org\/ca\/comenca-el-vi-curs-de-formacio-en-malalties-neuromusculars\/#breadcrumb\"},\"inLanguage\":\"ca\",\"potentialAction\":[{\"@type\":\"ReadAction\",\"target\":[\"https:\/\/www.neuromuscularbcn.org\/ca\/comenca-el-vi-curs-de-formacio-en-malalties-neuromusculars\/\"]}]},{\"@type\":\"ImageObject\",\"inLanguage\":\"ca\",\"@id\":\"https:\/\/www.neuromuscularbcn.org\/ca\/comenca-el-vi-curs-de-formacio-en-malalties-neuromusculars\/#primaryimage\",\"url\":\"https:\/\/www.neuromuscularbcn.org\/wp-content\/uploads\/2025\/03\/curso_neuromusculo2017_banner_pequ-1.jpg\",\"contentUrl\":\"https:\/\/www.neuromuscularbcn.org\/wp-content\/uploads\/2025\/03\/curso_neuromusculo2017_banner_pequ-1.jpg\",\"width\":500,\"height\":227},{\"@type\":\"BreadcrumbList\",\"@id\":\"https:\/\/www.neuromuscularbcn.org\/ca\/comenca-el-vi-curs-de-formacio-en-malalties-neuromusculars\/#breadcrumb\",\"itemListElement\":[{\"@type\":\"ListItem\",\"position\":1,\"name\":\"Portada\",\"item\":\"https:\/\/www.neuromuscularbcn.org\/ca\/\"},{\"@type\":\"ListItem\",\"position\":2,\"name\":\"Comen\u00e7a el VI Curs de Formaci\u00f3 en Malalties Neuromusculars\"}]},{\"@type\":\"WebSite\",\"@id\":\"https:\/\/www.neuromuscularbcn.org\/ca\/#website\",\"url\":\"https:\/\/www.neuromuscularbcn.org\/ca\/\",\"name\":\"Neuromuscular BCN\",\"description\":\"Neuromuscular BCN - Unidad Neuromuscular del hospital de Sant Pau\",\"publisher\":{\"@id\":\"https:\/\/www.neuromuscularbcn.org\/ca\/#organization\"},\"alternateName\":\"Neuromuscular BCN - Unidad Neuromuscular del hospital de Sant Pau\",\"potentialAction\":[{\"@type\":\"SearchAction\",\"target\":{\"@type\":\"EntryPoint\",\"urlTemplate\":\"https:\/\/www.neuromuscularbcn.org\/ca\/?s={search_term_string}\"},\"query-input\":{\"@type\":\"PropertyValueSpecification\",\"valueRequired\":true,\"valueName\":\"search_term_string\"}}],\"inLanguage\":\"ca\"},{\"@type\":\"Organization\",\"@id\":\"https:\/\/www.neuromuscularbcn.org\/ca\/#organization\",\"name\":\"Neuromuscular BCN - Sant Pau\",\"url\":\"https:\/\/www.neuromuscularbcn.org\/ca\/\",\"logo\":{\"@type\":\"ImageObject\",\"inLanguage\":\"ca\",\"@id\":\"https:\/\/www.neuromuscularbcn.org\/ca\/#\/schema\/logo\/image\/\",\"url\":\"https:\/\/www.neuromuscularbcn.org\/wp-content\/uploads\/2025\/06\/cropped-favicon_logotip.png\",\"contentUrl\":\"https:\/\/www.neuromuscularbcn.org\/wp-content\/uploads\/2025\/06\/cropped-favicon_logotip.png\",\"width\":512,\"height\":512,\"caption\":\"Neuromuscular BCN - Sant Pau\"},\"image\":{\"@id\":\"https:\/\/www.neuromuscularbcn.org\/ca\/#\/schema\/logo\/image\/\"},\"sameAs\":[\"https:\/\/x.com\/NMDSantPau\"]},{\"@type\":\"Person\",\"@id\":\"https:\/\/www.neuromuscularbcn.org\/ca\/#\/schema\/person\/b0c7d47c54d548fc8759ca3893db821f\",\"name\":\"Neuromuscular BCN\",\"image\":{\"@type\":\"ImageObject\",\"inLanguage\":\"ca\",\"@id\":\"https:\/\/secure.gravatar.com\/avatar\/4bb160041b62049f31c85ace6e49192f25b6637963d9e1e827859dbd38bd7b6d?s=96&d=mm&r=g\",\"url\":\"https:\/\/secure.gravatar.com\/avatar\/4bb160041b62049f31c85ace6e49192f25b6637963d9e1e827859dbd38bd7b6d?s=96&d=mm&r=g\",\"contentUrl\":\"https:\/\/secure.gravatar.com\/avatar\/4bb160041b62049f31c85ace6e49192f25b6637963d9e1e827859dbd38bd7b6d?s=96&d=mm&r=g\",\"caption\":\"Neuromuscular BCN\"},\"sameAs\":[\"https:\/\/www.neuromuscularbcn.org\"],\"url\":\"https:\/\/www.neuromuscularbcn.org\/ca\/author\/a1\/\"}]}<\/script>\n<!-- \/ Yoast SEO plugin. -->","yoast_head_json":{"title":"Comen\u00e7a el VI Curs de Formaci\u00f3 en Malalties Neuromusculars - Neuromuscular BCN","robots":{"index":"index","follow":"follow","max-snippet":"max-snippet:-1","max-image-preview":"max-image-preview:large","max-video-preview":"max-video-preview:-1"},"canonical":"https:\/\/www.neuromuscularbcn.org\/ca\/comenca-el-vi-curs-de-formacio-en-malalties-neuromusculars\/","og_locale":"ca_ES","og_type":"article","og_title":"Comen\u00e7a el VI Curs de Formaci\u00f3 en Malalties Neuromusculars - Neuromuscular BCN","og_description":"Avui dimarts 9 de maig, comen\u00e7a el VI Curs de Formaci\u00f3 en Malalties Neuromusculars organitzat per la Unitat de Malalties Neuromusculars de l\u2019Hospital de la Santa Creu i Sant Pau. El curs es realitzar\u00e0 a la sala d\u2019actes de l\u2019hospital i contar\u00e0 amb la pres\u00e8ncia de professors especialistes en malalties neuromusculars de tota Espanya. El curs est\u00e0 dirigit a adjunts de neurologia i residents de quart any interessats en aquestes patologies i tenen com [...]","og_url":"https:\/\/www.neuromuscularbcn.org\/ca\/comenca-el-vi-curs-de-formacio-en-malalties-neuromusculars\/","og_site_name":"Neuromuscular BCN","article_published_time":"2017-05-09T05:00:41+00:00","og_image":[{"width":500,"height":227,"url":"https:\/\/www.neuromuscularbcn.org\/wp-content\/uploads\/2025\/03\/curso_neuromusculo2017_banner_pequ-1.jpg","type":"image\/jpeg"}],"author":"Neuromuscular BCN","twitter_card":"summary_large_image","twitter_creator":"@NMDSantPau","twitter_site":"@NMDSantPau","twitter_misc":{"Escrit per":"Neuromuscular BCN","Temps estimat de lectura":"1 minut"},"schema":{"@context":"https:\/\/schema.org","@graph":[{"@type":"Article","@id":"https:\/\/www.neuromuscularbcn.org\/ca\/comenca-el-vi-curs-de-formacio-en-malalties-neuromusculars\/#article","isPartOf":{"@id":"https:\/\/www.neuromuscularbcn.org\/ca\/comenca-el-vi-curs-de-formacio-en-malalties-neuromusculars\/"},"author":{"name":"Neuromuscular BCN","@id":"https:\/\/www.neuromuscularbcn.org\/ca\/#\/schema\/person\/b0c7d47c54d548fc8759ca3893db821f"},"headline":"Comen\u00e7a el VI Curs de Formaci\u00f3 en Malalties Neuromusculars","datePublished":"2017-05-09T05:00:41+00:00","mainEntityOfPage":{"@id":"https:\/\/www.neuromuscularbcn.org\/ca\/comenca-el-vi-curs-de-formacio-en-malalties-neuromusculars\/"},"wordCount":144,"commentCount":0,"publisher":{"@id":"https:\/\/www.neuromuscularbcn.org\/ca\/#organization"},"image":{"@id":"https:\/\/www.neuromuscularbcn.org\/ca\/comenca-el-vi-curs-de-formacio-en-malalties-neuromusculars\/#primaryimage"},"thumbnailUrl":"https:\/\/www.neuromuscularbcn.org\/wp-content\/uploads\/2025\/03\/curso_neuromusculo2017_banner_pequ-1.jpg","keywords":["Formaci\u00f3","Neuromuscular"],"articleSection":["Uncategorized @ca"],"inLanguage":"ca","potentialAction":[{"@type":"CommentAction","name":"Comment","target":["https:\/\/www.neuromuscularbcn.org\/ca\/comenca-el-vi-curs-de-formacio-en-malalties-neuromusculars\/#respond"]}]},{"@type":"WebPage","@id":"https:\/\/www.neuromuscularbcn.org\/ca\/comenca-el-vi-curs-de-formacio-en-malalties-neuromusculars\/","url":"https:\/\/www.neuromuscularbcn.org\/ca\/comenca-el-vi-curs-de-formacio-en-malalties-neuromusculars\/","name":"Comen\u00e7a el VI Curs de Formaci\u00f3 en Malalties Neuromusculars - Neuromuscular BCN","isPartOf":{"@id":"https:\/\/www.neuromuscularbcn.org\/ca\/#website"},"primaryImageOfPage":{"@id":"https:\/\/www.neuromuscularbcn.org\/ca\/comenca-el-vi-curs-de-formacio-en-malalties-neuromusculars\/#primaryimage"},"image":{"@id":"https:\/\/www.neuromuscularbcn.org\/ca\/comenca-el-vi-curs-de-formacio-en-malalties-neuromusculars\/#primaryimage"},"thumbnailUrl":"https:\/\/www.neuromuscularbcn.org\/wp-content\/uploads\/2025\/03\/curso_neuromusculo2017_banner_pequ-1.jpg","datePublished":"2017-05-09T05:00:41+00:00","breadcrumb":{"@id":"https:\/\/www.neuromuscularbcn.org\/ca\/comenca-el-vi-curs-de-formacio-en-malalties-neuromusculars\/#breadcrumb"},"inLanguage":"ca","potentialAction":[{"@type":"ReadAction","target":["https:\/\/www.neuromuscularbcn.org\/ca\/comenca-el-vi-curs-de-formacio-en-malalties-neuromusculars\/"]}]},{"@type":"ImageObject","inLanguage":"ca","@id":"https:\/\/www.neuromuscularbcn.org\/ca\/comenca-el-vi-curs-de-formacio-en-malalties-neuromusculars\/#primaryimage","url":"https:\/\/www.neuromuscularbcn.org\/wp-content\/uploads\/2025\/03\/curso_neuromusculo2017_banner_pequ-1.jpg","contentUrl":"https:\/\/www.neuromuscularbcn.org\/wp-content\/uploads\/2025\/03\/curso_neuromusculo2017_banner_pequ-1.jpg","width":500,"height":227},{"@type":"BreadcrumbList","@id":"https:\/\/www.neuromuscularbcn.org\/ca\/comenca-el-vi-curs-de-formacio-en-malalties-neuromusculars\/#breadcrumb","itemListElement":[{"@type":"ListItem","position":1,"name":"Portada","item":"https:\/\/www.neuromuscularbcn.org\/ca\/"},{"@type":"ListItem","position":2,"name":"Comen\u00e7a el VI Curs de Formaci\u00f3 en Malalties Neuromusculars"}]},{"@type":"WebSite","@id":"https:\/\/www.neuromuscularbcn.org\/ca\/#website","url":"https:\/\/www.neuromuscularbcn.org\/ca\/","name":"Neuromuscular BCN","description":"Neuromuscular BCN - Unidad Neuromuscular del hospital de Sant Pau","publisher":{"@id":"https:\/\/www.neuromuscularbcn.org\/ca\/#organization"},"alternateName":"Neuromuscular BCN - Unidad Neuromuscular del hospital de Sant Pau","potentialAction":[{"@type":"SearchAction","target":{"@type":"EntryPoint","urlTemplate":"https:\/\/www.neuromuscularbcn.org\/ca\/?s={search_term_string}"},"query-input":{"@type":"PropertyValueSpecification","valueRequired":true,"valueName":"search_term_string"}}],"inLanguage":"ca"},{"@type":"Organization","@id":"https:\/\/www.neuromuscularbcn.org\/ca\/#organization","name":"Neuromuscular BCN - Sant Pau","url":"https:\/\/www.neuromuscularbcn.org\/ca\/","logo":{"@type":"ImageObject","inLanguage":"ca","@id":"https:\/\/www.neuromuscularbcn.org\/ca\/#\/schema\/logo\/image\/","url":"https:\/\/www.neuromuscularbcn.org\/wp-content\/uploads\/2025\/06\/cropped-favicon_logotip.png","contentUrl":"https:\/\/www.neuromuscularbcn.org\/wp-content\/uploads\/2025\/06\/cropped-favicon_logotip.png","width":512,"height":512,"caption":"Neuromuscular BCN - Sant Pau"},"image":{"@id":"https:\/\/www.neuromuscularbcn.org\/ca\/#\/schema\/logo\/image\/"},"sameAs":["https:\/\/x.com\/NMDSantPau"]},{"@type":"Person","@id":"https:\/\/www.neuromuscularbcn.org\/ca\/#\/schema\/person\/b0c7d47c54d548fc8759ca3893db821f","name":"Neuromuscular BCN","image":{"@type":"ImageObject","inLanguage":"ca","@id":"https:\/\/secure.gravatar.com\/avatar\/4bb160041b62049f31c85ace6e49192f25b6637963d9e1e827859dbd38bd7b6d?s=96&d=mm&r=g","url":"https:\/\/secure.gravatar.com\/avatar\/4bb160041b62049f31c85ace6e49192f25b6637963d9e1e827859dbd38bd7b6d?s=96&d=mm&r=g","contentUrl":"https:\/\/secure.gravatar.com\/avatar\/4bb160041b62049f31c85ace6e49192f25b6637963d9e1e827859dbd38bd7b6d?s=96&d=mm&r=g","caption":"Neuromuscular BCN"},"sameAs":["https:\/\/www.neuromuscularbcn.org"],"url":"https:\/\/www.neuromuscularbcn.org\/ca\/author\/a1\/"}]}},"_links":{"self":[{"href":"https:\/\/www.neuromuscularbcn.org\/ca\/wp-json\/wp\/v2\/posts\/1333","targetHints":{"allow":["GET"]}}],"collection":[{"href":"https:\/\/www.neuromuscularbcn.org\/ca\/wp-json\/wp\/v2\/posts"}],"about":[{"href":"https:\/\/www.neuromuscularbcn.org\/ca\/wp-json\/wp\/v2\/types\/post"}],"author":[{"embeddable":true,"href":"https:\/\/www.neuromuscularbcn.org\/ca\/wp-json\/wp\/v2\/users\/1"}],"replies":[{"embeddable":true,"href":"https:\/\/www.neuromuscularbcn.org\/ca\/wp-json\/wp\/v2\/comments?post=1333"}],"version-history":[{"count":0,"href":"https:\/\/www.neuromuscularbcn.org\/ca\/wp-json\/wp\/v2\/posts\/1333\/revisions"}],"wp:featuredmedia":[{"embeddable":true,"href":"https:\/\/www.neuromuscularbcn.org\/ca\/wp-json\/wp\/v2\/media\/1334"}],"wp:attachment":[{"href":"https:\/\/www.neuromuscularbcn.org\/ca\/wp-json\/wp\/v2\/media?parent=1333"}],"wp:term":[{"taxonomy":"category","embeddable":true,"href":"https:\/\/www.neuromuscularbcn.org\/ca\/wp-json\/wp\/v2\/categories?post=1333"},{"taxonomy":"post_tag","embeddable":true,"href":"https:\/\/www.neuromuscularbcn.org\/ca\/wp-json\/wp\/v2\/tags?post=1333"}],"curies":[{"name":"wp","href":"https:\/\/api.w.org\/{rel}","templated":true}]}}