{"id":1325,"date":"2017-05-25T17:48:31","date_gmt":"2017-05-25T15:48:31","guid":{"rendered":"https:\/\/www.neuromuscularbcn.org\/el-dr-diaz-manera-premiat-per-la-societat-espanyola-de-neurologia\/"},"modified":"2017-05-25T17:48:31","modified_gmt":"2017-05-25T15:48:31","slug":"el-dr-diaz-manera-premiat-per-la-societat-espanyola-de-neurologia","status":"publish","type":"post","link":"https:\/\/www.neuromuscularbcn.org\/ca\/el-dr-diaz-manera-premiat-per-la-societat-espanyola-de-neurologia\/","title":{"rendered":"El Dr. D\u00edaz Manera premiat per la Societat Espanyola de Neurologia"},"content":{"rendered":"<p><img decoding=\"async\" class=\"alignleft size-full wp-image-257\" src=\"https:\/\/www.neuromuscularbcn.org\/wp-content\/uploads\/2014\/11\/Jordi-Diaz.jpg\" alt=\"\" width=\"225\" height=\"290\" \/>La Societat Espanyola de Neurologia (SEN) ha atorgat el premi a la Millor Comunicaci\u00f3 Oral de la Reuni\u00f3 Anual de la SEN de 2016 al Dr. D\u00edaz Manera de la Unitat de Malalties Neuromusculars pel seu treball titulat: \u201c<strong>Estudi del patr\u00f3 d\u2019afectaci\u00f3 muscular mitjan\u00e7ant resson\u00e0ncia magn\u00e8tica en una cohort de 181 pacients amb distr\u00f2fia muscular per d\u00e8ficit de disferlina participants del COS Study<\/strong>\u201d del qual \u00e9s el primer autor. Aquest treball \u00e9s fruit d\u2019un estudi internacional d\u2019hist\u00f2ria natural de la Distr\u00f2fia muscular de debilitat de cinturers 2B \u201c<strong>International Clinical Outcome Study for Dysferlinopathy (LGMD2B\/Miyoshi)<\/strong><strong>\u201d<\/strong><\/p>\n<p><em><strong>M\u00e9s informaci\u00f3:<\/strong><\/em><br \/>\n<a href=\"https:\/\/www.jain-foundation.org\/scientific-resources\/funded-projects\/clinical-projects\/international-clinical-outcome-st\" target=\"_blank\" rel=\"noopener noreferrer\">https:\/\/www.jain-foundation.org\/scientific-resources\/funded-projects\/clinical-projects\/international-clinical-outcome-st<\/a><\/p>\n","protected":false},"excerpt":{"rendered":"<p>La Societat Espanyola de Neurologia (SEN) ha atorgat el premi a la Millor Comunicaci\u00f3 Oral de la Reuni\u00f3 Anual de la SEN de 2016 al Dr. D\u00edaz Manera de la Unitat de Malalties Neuromusculars pel seu treball titulat: \u201cEstudi del patr\u00f3 d\u2019afectaci\u00f3 muscular mitjan\u00e7ant resson\u00e0ncia magn\u00e8tica en una cohort de 181 pacients amb distr\u00f2fia muscular per d\u00e8ficit de disferlina participants del COS Study\u201d del qual \u00e9s el primer autor. Aquest treball \u00e9s fruit d\u2019un  [&#8230;]<\/p>\n","protected":false},"author":1,"featured_media":1326,"comment_status":"open","ping_status":"open","sticky":false,"template":"","format":"standard","meta":{"_acf_changed":false,"inline_featured_image":false,"footnotes":""},"categories":[20],"tags":[137,27,69],"class_list":["post-1325","post","type-post","status-publish","format-standard","has-post-thumbnail","hentry","category-uncategorized-ca","tag-dysferlina","tag-neuromuscular","tag-ressonancia"],"acf":[],"yoast_head":"<!-- This site is optimized with the Yoast SEO plugin v27.2 - https:\/\/yoast.com\/product\/yoast-seo-wordpress\/ -->\n<title>El Dr. D\u00edaz Manera premiat per la Societat Espanyola de Neurologia - Neuromuscular BCN<\/title>\n<meta name=\"robots\" content=\"index, follow, max-snippet:-1, max-image-preview:large, max-video-preview:-1\" \/>\n<link rel=\"canonical\" href=\"https:\/\/www.neuromuscularbcn.org\/ca\/el-dr-diaz-manera-premiat-per-la-societat-espanyola-de-neurologia\/\" \/>\n<meta property=\"og:locale\" content=\"ca_ES\" \/>\n<meta property=\"og:type\" content=\"article\" \/>\n<meta property=\"og:title\" content=\"El Dr. D\u00edaz Manera premiat per la Societat Espanyola de Neurologia - Neuromuscular BCN\" \/>\n<meta property=\"og:description\" content=\"La Societat Espanyola de Neurologia (SEN) ha atorgat el premi a la Millor Comunicaci\u00f3 Oral de la Reuni\u00f3 Anual de la SEN de 2016 al Dr. D\u00edaz Manera de la Unitat de Malalties Neuromusculars pel seu treball titulat: \u201cEstudi del patr\u00f3 d\u2019afectaci\u00f3 muscular mitjan\u00e7ant resson\u00e0ncia magn\u00e8tica en una cohort de 181 pacients amb distr\u00f2fia muscular per d\u00e8ficit de disferlina participants del COS Study\u201d del qual \u00e9s el primer autor. Aquest treball \u00e9s fruit d\u2019un [...]\" \/>\n<meta property=\"og:url\" content=\"https:\/\/www.neuromuscularbcn.org\/ca\/el-dr-diaz-manera-premiat-per-la-societat-espanyola-de-neurologia\/\" \/>\n<meta property=\"og:site_name\" content=\"Neuromuscular BCN\" \/>\n<meta property=\"article:published_time\" content=\"2017-05-25T15:48:31+00:00\" \/>\n<meta property=\"og:image\" content=\"https:\/\/www.neuromuscularbcn.org\/wp-content\/uploads\/2025\/03\/13_Jordi-Diaz-1.jpg\" \/>\n\t<meta property=\"og:image:width\" content=\"225\" \/>\n\t<meta property=\"og:image:height\" content=\"290\" \/>\n\t<meta property=\"og:image:type\" content=\"image\/jpeg\" \/>\n<meta name=\"author\" content=\"Neuromuscular BCN\" \/>\n<meta name=\"twitter:card\" content=\"summary_large_image\" \/>\n<meta name=\"twitter:creator\" content=\"@NMDSantPau\" \/>\n<meta name=\"twitter:site\" content=\"@NMDSantPau\" \/>\n<meta name=\"twitter:label1\" content=\"Escrit per\" \/>\n\t<meta name=\"twitter:data1\" content=\"Neuromuscular BCN\" \/>\n\t<meta name=\"twitter:label2\" content=\"Temps estimat de lectura\" \/>\n\t<meta name=\"twitter:data2\" content=\"1 minut\" \/>\n<script type=\"application\/ld+json\" class=\"yoast-schema-graph\">{\"@context\":\"https:\/\/schema.org\",\"@graph\":[{\"@type\":\"Article\",\"@id\":\"https:\/\/www.neuromuscularbcn.org\/ca\/el-dr-diaz-manera-premiat-per-la-societat-espanyola-de-neurologia\/#article\",\"isPartOf\":{\"@id\":\"https:\/\/www.neuromuscularbcn.org\/ca\/el-dr-diaz-manera-premiat-per-la-societat-espanyola-de-neurologia\/\"},\"author\":{\"name\":\"Neuromuscular BCN\",\"@id\":\"https:\/\/www.neuromuscularbcn.org\/ca\/#\/schema\/person\/b0c7d47c54d548fc8759ca3893db821f\"},\"headline\":\"El Dr. D\u00edaz Manera premiat per la Societat Espanyola de Neurologia\",\"datePublished\":\"2017-05-25T15:48:31+00:00\",\"mainEntityOfPage\":{\"@id\":\"https:\/\/www.neuromuscularbcn.org\/ca\/el-dr-diaz-manera-premiat-per-la-societat-espanyola-de-neurologia\/\"},\"wordCount\":128,\"commentCount\":0,\"publisher\":{\"@id\":\"https:\/\/www.neuromuscularbcn.org\/ca\/#organization\"},\"image\":{\"@id\":\"https:\/\/www.neuromuscularbcn.org\/ca\/el-dr-diaz-manera-premiat-per-la-societat-espanyola-de-neurologia\/#primaryimage\"},\"thumbnailUrl\":\"https:\/\/www.neuromuscularbcn.org\/wp-content\/uploads\/2025\/03\/13_Jordi-Diaz-1.jpg\",\"keywords\":[\"Dysferlina\",\"Neuromuscular\",\"Resson\u00e0ncia\"],\"articleSection\":[\"Uncategorized @ca\"],\"inLanguage\":\"ca\",\"potentialAction\":[{\"@type\":\"CommentAction\",\"name\":\"Comment\",\"target\":[\"https:\/\/www.neuromuscularbcn.org\/ca\/el-dr-diaz-manera-premiat-per-la-societat-espanyola-de-neurologia\/#respond\"]}]},{\"@type\":\"WebPage\",\"@id\":\"https:\/\/www.neuromuscularbcn.org\/ca\/el-dr-diaz-manera-premiat-per-la-societat-espanyola-de-neurologia\/\",\"url\":\"https:\/\/www.neuromuscularbcn.org\/ca\/el-dr-diaz-manera-premiat-per-la-societat-espanyola-de-neurologia\/\",\"name\":\"El Dr. D\u00edaz Manera premiat per la Societat Espanyola de Neurologia - Neuromuscular BCN\",\"isPartOf\":{\"@id\":\"https:\/\/www.neuromuscularbcn.org\/ca\/#website\"},\"primaryImageOfPage\":{\"@id\":\"https:\/\/www.neuromuscularbcn.org\/ca\/el-dr-diaz-manera-premiat-per-la-societat-espanyola-de-neurologia\/#primaryimage\"},\"image\":{\"@id\":\"https:\/\/www.neuromuscularbcn.org\/ca\/el-dr-diaz-manera-premiat-per-la-societat-espanyola-de-neurologia\/#primaryimage\"},\"thumbnailUrl\":\"https:\/\/www.neuromuscularbcn.org\/wp-content\/uploads\/2025\/03\/13_Jordi-Diaz-1.jpg\",\"datePublished\":\"2017-05-25T15:48:31+00:00\",\"breadcrumb\":{\"@id\":\"https:\/\/www.neuromuscularbcn.org\/ca\/el-dr-diaz-manera-premiat-per-la-societat-espanyola-de-neurologia\/#breadcrumb\"},\"inLanguage\":\"ca\",\"potentialAction\":[{\"@type\":\"ReadAction\",\"target\":[\"https:\/\/www.neuromuscularbcn.org\/ca\/el-dr-diaz-manera-premiat-per-la-societat-espanyola-de-neurologia\/\"]}]},{\"@type\":\"ImageObject\",\"inLanguage\":\"ca\",\"@id\":\"https:\/\/www.neuromuscularbcn.org\/ca\/el-dr-diaz-manera-premiat-per-la-societat-espanyola-de-neurologia\/#primaryimage\",\"url\":\"https:\/\/www.neuromuscularbcn.org\/wp-content\/uploads\/2025\/03\/13_Jordi-Diaz-1.jpg\",\"contentUrl\":\"https:\/\/www.neuromuscularbcn.org\/wp-content\/uploads\/2025\/03\/13_Jordi-Diaz-1.jpg\",\"width\":225,\"height\":290},{\"@type\":\"BreadcrumbList\",\"@id\":\"https:\/\/www.neuromuscularbcn.org\/ca\/el-dr-diaz-manera-premiat-per-la-societat-espanyola-de-neurologia\/#breadcrumb\",\"itemListElement\":[{\"@type\":\"ListItem\",\"position\":1,\"name\":\"Portada\",\"item\":\"https:\/\/www.neuromuscularbcn.org\/ca\/\"},{\"@type\":\"ListItem\",\"position\":2,\"name\":\"El Dr. D\u00edaz Manera premiat per la Societat Espanyola de Neurologia\"}]},{\"@type\":\"WebSite\",\"@id\":\"https:\/\/www.neuromuscularbcn.org\/ca\/#website\",\"url\":\"https:\/\/www.neuromuscularbcn.org\/ca\/\",\"name\":\"Neuromuscular BCN\",\"description\":\"Neuromuscular BCN - Unidad Neuromuscular del hospital de Sant Pau\",\"publisher\":{\"@id\":\"https:\/\/www.neuromuscularbcn.org\/ca\/#organization\"},\"alternateName\":\"Neuromuscular BCN - Unidad Neuromuscular del hospital de Sant Pau\",\"potentialAction\":[{\"@type\":\"SearchAction\",\"target\":{\"@type\":\"EntryPoint\",\"urlTemplate\":\"https:\/\/www.neuromuscularbcn.org\/ca\/?s={search_term_string}\"},\"query-input\":{\"@type\":\"PropertyValueSpecification\",\"valueRequired\":true,\"valueName\":\"search_term_string\"}}],\"inLanguage\":\"ca\"},{\"@type\":\"Organization\",\"@id\":\"https:\/\/www.neuromuscularbcn.org\/ca\/#organization\",\"name\":\"Neuromuscular BCN - Sant Pau\",\"url\":\"https:\/\/www.neuromuscularbcn.org\/ca\/\",\"logo\":{\"@type\":\"ImageObject\",\"inLanguage\":\"ca\",\"@id\":\"https:\/\/www.neuromuscularbcn.org\/ca\/#\/schema\/logo\/image\/\",\"url\":\"https:\/\/www.neuromuscularbcn.org\/wp-content\/uploads\/2025\/06\/cropped-favicon_logotip.png\",\"contentUrl\":\"https:\/\/www.neuromuscularbcn.org\/wp-content\/uploads\/2025\/06\/cropped-favicon_logotip.png\",\"width\":512,\"height\":512,\"caption\":\"Neuromuscular BCN - Sant Pau\"},\"image\":{\"@id\":\"https:\/\/www.neuromuscularbcn.org\/ca\/#\/schema\/logo\/image\/\"},\"sameAs\":[\"https:\/\/x.com\/NMDSantPau\"]},{\"@type\":\"Person\",\"@id\":\"https:\/\/www.neuromuscularbcn.org\/ca\/#\/schema\/person\/b0c7d47c54d548fc8759ca3893db821f\",\"name\":\"Neuromuscular BCN\",\"image\":{\"@type\":\"ImageObject\",\"inLanguage\":\"ca\",\"@id\":\"https:\/\/secure.gravatar.com\/avatar\/4bb160041b62049f31c85ace6e49192f25b6637963d9e1e827859dbd38bd7b6d?s=96&d=mm&r=g\",\"url\":\"https:\/\/secure.gravatar.com\/avatar\/4bb160041b62049f31c85ace6e49192f25b6637963d9e1e827859dbd38bd7b6d?s=96&d=mm&r=g\",\"contentUrl\":\"https:\/\/secure.gravatar.com\/avatar\/4bb160041b62049f31c85ace6e49192f25b6637963d9e1e827859dbd38bd7b6d?s=96&d=mm&r=g\",\"caption\":\"Neuromuscular BCN\"},\"sameAs\":[\"https:\/\/www.neuromuscularbcn.org\"],\"url\":\"https:\/\/www.neuromuscularbcn.org\/ca\/author\/a1\/\"}]}<\/script>\n<!-- \/ Yoast SEO plugin. -->","yoast_head_json":{"title":"El Dr. D\u00edaz Manera premiat per la Societat Espanyola de Neurologia - Neuromuscular BCN","robots":{"index":"index","follow":"follow","max-snippet":"max-snippet:-1","max-image-preview":"max-image-preview:large","max-video-preview":"max-video-preview:-1"},"canonical":"https:\/\/www.neuromuscularbcn.org\/ca\/el-dr-diaz-manera-premiat-per-la-societat-espanyola-de-neurologia\/","og_locale":"ca_ES","og_type":"article","og_title":"El Dr. D\u00edaz Manera premiat per la Societat Espanyola de Neurologia - Neuromuscular BCN","og_description":"La Societat Espanyola de Neurologia (SEN) ha atorgat el premi a la Millor Comunicaci\u00f3 Oral de la Reuni\u00f3 Anual de la SEN de 2016 al Dr. D\u00edaz Manera de la Unitat de Malalties Neuromusculars pel seu treball titulat: \u201cEstudi del patr\u00f3 d\u2019afectaci\u00f3 muscular mitjan\u00e7ant resson\u00e0ncia magn\u00e8tica en una cohort de 181 pacients amb distr\u00f2fia muscular per d\u00e8ficit de disferlina participants del COS Study\u201d del qual \u00e9s el primer autor. Aquest treball \u00e9s fruit d\u2019un [...]","og_url":"https:\/\/www.neuromuscularbcn.org\/ca\/el-dr-diaz-manera-premiat-per-la-societat-espanyola-de-neurologia\/","og_site_name":"Neuromuscular BCN","article_published_time":"2017-05-25T15:48:31+00:00","og_image":[{"width":225,"height":290,"url":"https:\/\/www.neuromuscularbcn.org\/wp-content\/uploads\/2025\/03\/13_Jordi-Diaz-1.jpg","type":"image\/jpeg"}],"author":"Neuromuscular BCN","twitter_card":"summary_large_image","twitter_creator":"@NMDSantPau","twitter_site":"@NMDSantPau","twitter_misc":{"Escrit per":"Neuromuscular BCN","Temps estimat de lectura":"1 minut"},"schema":{"@context":"https:\/\/schema.org","@graph":[{"@type":"Article","@id":"https:\/\/www.neuromuscularbcn.org\/ca\/el-dr-diaz-manera-premiat-per-la-societat-espanyola-de-neurologia\/#article","isPartOf":{"@id":"https:\/\/www.neuromuscularbcn.org\/ca\/el-dr-diaz-manera-premiat-per-la-societat-espanyola-de-neurologia\/"},"author":{"name":"Neuromuscular BCN","@id":"https:\/\/www.neuromuscularbcn.org\/ca\/#\/schema\/person\/b0c7d47c54d548fc8759ca3893db821f"},"headline":"El Dr. D\u00edaz Manera premiat per la Societat Espanyola de Neurologia","datePublished":"2017-05-25T15:48:31+00:00","mainEntityOfPage":{"@id":"https:\/\/www.neuromuscularbcn.org\/ca\/el-dr-diaz-manera-premiat-per-la-societat-espanyola-de-neurologia\/"},"wordCount":128,"commentCount":0,"publisher":{"@id":"https:\/\/www.neuromuscularbcn.org\/ca\/#organization"},"image":{"@id":"https:\/\/www.neuromuscularbcn.org\/ca\/el-dr-diaz-manera-premiat-per-la-societat-espanyola-de-neurologia\/#primaryimage"},"thumbnailUrl":"https:\/\/www.neuromuscularbcn.org\/wp-content\/uploads\/2025\/03\/13_Jordi-Diaz-1.jpg","keywords":["Dysferlina","Neuromuscular","Resson\u00e0ncia"],"articleSection":["Uncategorized @ca"],"inLanguage":"ca","potentialAction":[{"@type":"CommentAction","name":"Comment","target":["https:\/\/www.neuromuscularbcn.org\/ca\/el-dr-diaz-manera-premiat-per-la-societat-espanyola-de-neurologia\/#respond"]}]},{"@type":"WebPage","@id":"https:\/\/www.neuromuscularbcn.org\/ca\/el-dr-diaz-manera-premiat-per-la-societat-espanyola-de-neurologia\/","url":"https:\/\/www.neuromuscularbcn.org\/ca\/el-dr-diaz-manera-premiat-per-la-societat-espanyola-de-neurologia\/","name":"El Dr. D\u00edaz Manera premiat per la Societat Espanyola de Neurologia - Neuromuscular BCN","isPartOf":{"@id":"https:\/\/www.neuromuscularbcn.org\/ca\/#website"},"primaryImageOfPage":{"@id":"https:\/\/www.neuromuscularbcn.org\/ca\/el-dr-diaz-manera-premiat-per-la-societat-espanyola-de-neurologia\/#primaryimage"},"image":{"@id":"https:\/\/www.neuromuscularbcn.org\/ca\/el-dr-diaz-manera-premiat-per-la-societat-espanyola-de-neurologia\/#primaryimage"},"thumbnailUrl":"https:\/\/www.neuromuscularbcn.org\/wp-content\/uploads\/2025\/03\/13_Jordi-Diaz-1.jpg","datePublished":"2017-05-25T15:48:31+00:00","breadcrumb":{"@id":"https:\/\/www.neuromuscularbcn.org\/ca\/el-dr-diaz-manera-premiat-per-la-societat-espanyola-de-neurologia\/#breadcrumb"},"inLanguage":"ca","potentialAction":[{"@type":"ReadAction","target":["https:\/\/www.neuromuscularbcn.org\/ca\/el-dr-diaz-manera-premiat-per-la-societat-espanyola-de-neurologia\/"]}]},{"@type":"ImageObject","inLanguage":"ca","@id":"https:\/\/www.neuromuscularbcn.org\/ca\/el-dr-diaz-manera-premiat-per-la-societat-espanyola-de-neurologia\/#primaryimage","url":"https:\/\/www.neuromuscularbcn.org\/wp-content\/uploads\/2025\/03\/13_Jordi-Diaz-1.jpg","contentUrl":"https:\/\/www.neuromuscularbcn.org\/wp-content\/uploads\/2025\/03\/13_Jordi-Diaz-1.jpg","width":225,"height":290},{"@type":"BreadcrumbList","@id":"https:\/\/www.neuromuscularbcn.org\/ca\/el-dr-diaz-manera-premiat-per-la-societat-espanyola-de-neurologia\/#breadcrumb","itemListElement":[{"@type":"ListItem","position":1,"name":"Portada","item":"https:\/\/www.neuromuscularbcn.org\/ca\/"},{"@type":"ListItem","position":2,"name":"El Dr. D\u00edaz Manera premiat per la Societat Espanyola de Neurologia"}]},{"@type":"WebSite","@id":"https:\/\/www.neuromuscularbcn.org\/ca\/#website","url":"https:\/\/www.neuromuscularbcn.org\/ca\/","name":"Neuromuscular BCN","description":"Neuromuscular BCN - Unidad Neuromuscular del hospital de Sant Pau","publisher":{"@id":"https:\/\/www.neuromuscularbcn.org\/ca\/#organization"},"alternateName":"Neuromuscular BCN - Unidad Neuromuscular del hospital de Sant Pau","potentialAction":[{"@type":"SearchAction","target":{"@type":"EntryPoint","urlTemplate":"https:\/\/www.neuromuscularbcn.org\/ca\/?s={search_term_string}"},"query-input":{"@type":"PropertyValueSpecification","valueRequired":true,"valueName":"search_term_string"}}],"inLanguage":"ca"},{"@type":"Organization","@id":"https:\/\/www.neuromuscularbcn.org\/ca\/#organization","name":"Neuromuscular BCN - Sant Pau","url":"https:\/\/www.neuromuscularbcn.org\/ca\/","logo":{"@type":"ImageObject","inLanguage":"ca","@id":"https:\/\/www.neuromuscularbcn.org\/ca\/#\/schema\/logo\/image\/","url":"https:\/\/www.neuromuscularbcn.org\/wp-content\/uploads\/2025\/06\/cropped-favicon_logotip.png","contentUrl":"https:\/\/www.neuromuscularbcn.org\/wp-content\/uploads\/2025\/06\/cropped-favicon_logotip.png","width":512,"height":512,"caption":"Neuromuscular BCN - Sant Pau"},"image":{"@id":"https:\/\/www.neuromuscularbcn.org\/ca\/#\/schema\/logo\/image\/"},"sameAs":["https:\/\/x.com\/NMDSantPau"]},{"@type":"Person","@id":"https:\/\/www.neuromuscularbcn.org\/ca\/#\/schema\/person\/b0c7d47c54d548fc8759ca3893db821f","name":"Neuromuscular BCN","image":{"@type":"ImageObject","inLanguage":"ca","@id":"https:\/\/secure.gravatar.com\/avatar\/4bb160041b62049f31c85ace6e49192f25b6637963d9e1e827859dbd38bd7b6d?s=96&d=mm&r=g","url":"https:\/\/secure.gravatar.com\/avatar\/4bb160041b62049f31c85ace6e49192f25b6637963d9e1e827859dbd38bd7b6d?s=96&d=mm&r=g","contentUrl":"https:\/\/secure.gravatar.com\/avatar\/4bb160041b62049f31c85ace6e49192f25b6637963d9e1e827859dbd38bd7b6d?s=96&d=mm&r=g","caption":"Neuromuscular BCN"},"sameAs":["https:\/\/www.neuromuscularbcn.org"],"url":"https:\/\/www.neuromuscularbcn.org\/ca\/author\/a1\/"}]}},"_links":{"self":[{"href":"https:\/\/www.neuromuscularbcn.org\/ca\/wp-json\/wp\/v2\/posts\/1325","targetHints":{"allow":["GET"]}}],"collection":[{"href":"https:\/\/www.neuromuscularbcn.org\/ca\/wp-json\/wp\/v2\/posts"}],"about":[{"href":"https:\/\/www.neuromuscularbcn.org\/ca\/wp-json\/wp\/v2\/types\/post"}],"author":[{"embeddable":true,"href":"https:\/\/www.neuromuscularbcn.org\/ca\/wp-json\/wp\/v2\/users\/1"}],"replies":[{"embeddable":true,"href":"https:\/\/www.neuromuscularbcn.org\/ca\/wp-json\/wp\/v2\/comments?post=1325"}],"version-history":[{"count":0,"href":"https:\/\/www.neuromuscularbcn.org\/ca\/wp-json\/wp\/v2\/posts\/1325\/revisions"}],"wp:featuredmedia":[{"embeddable":true,"href":"https:\/\/www.neuromuscularbcn.org\/ca\/wp-json\/wp\/v2\/media\/1326"}],"wp:attachment":[{"href":"https:\/\/www.neuromuscularbcn.org\/ca\/wp-json\/wp\/v2\/media?parent=1325"}],"wp:term":[{"taxonomy":"category","embeddable":true,"href":"https:\/\/www.neuromuscularbcn.org\/ca\/wp-json\/wp\/v2\/categories?post=1325"},{"taxonomy":"post_tag","embeddable":true,"href":"https:\/\/www.neuromuscularbcn.org\/ca\/wp-json\/wp\/v2\/tags?post=1325"}],"curies":[{"name":"wp","href":"https:\/\/api.w.org\/{rel}","templated":true}]}}