{"id":1229,"date":"2017-11-28T07:00:33","date_gmt":"2017-11-28T06:00:33","guid":{"rendered":"https:\/\/www.neuromuscularbcn.org\/euro-nmd-meeting-freiburg-29-30-novembre-2017\/"},"modified":"2025-04-30T07:06:19","modified_gmt":"2025-04-30T05:06:19","slug":"euro-nmd-meeting-freiburg-29-30-novembre-2017","status":"publish","type":"post","link":"https:\/\/www.neuromuscularbcn.org\/ca\/euro-nmd-meeting-freiburg-29-30-novembre-2017\/","title":{"rendered":"EURO-NMD Meeting. Freiburg 29-30 novembre 2017"},"content":{"rendered":"<p><img decoding=\"async\" class=\"alignleft wp-image-2869\" src=\"https:\/\/www.neuromuscularbcn.org\/wp-content\/uploads\/2017\/11\/euro_nmd_meeting-1024x688.jpg\" alt=\"\" width=\"397\" height=\"267\" \/>Els propers dies es celebrar\u00e0 a Freiburg (Alemanya) la primera reuni\u00f3 de la Xarxa Europea de Refer\u00e8ncia de Malalties Neuromusculars EURO-NMD. Durant la reuni\u00f3 els diferents grups de treball creats tindr\u00e0 l&#8217;oportunitat de con\u00e8ixer-se i posar en com\u00fa noves idees.<\/p>\n<p>Podeu consultar el programa al seg\u00fcent link:<br \/>\n<a href=\"http:\/\/ern-euro-nmd.eu\/2017-meeting\/programme\/\" target=\"_blank\" rel=\"noopener\">http:\/\/ern-euro-nmd.eu\/2017-meeting\/programme\/<\/a><\/p>\n","protected":false},"excerpt":{"rendered":"<p>Els propers dies es celebrar\u00e0 a Freiburg (Alemanya) la primera reuni\u00f3 de la Xarxa Europea de Refer\u00e8ncia de Malalties Neuromusculars EURO-NMD. Durant la reuni\u00f3 els diferents grups de treball creats tindr\u00e0 l&#8217;oportunitat de con\u00e8ixer-se i posar en com\u00fa noves idees. Podeu consultar el programa al seg\u00fcent link: http:\/\/ern-euro-nmd.eu\/2017-meeting\/programme\/<\/p>\n","protected":false},"author":1,"featured_media":1230,"comment_status":"open","ping_status":"open","sticky":false,"template":"","format":"standard","meta":{"_acf_changed":false,"inline_featured_image":false,"footnotes":""},"categories":[221],"tags":[114,85,27],"class_list":["post-1229","post","type-post","status-publish","format-standard","has-post-thumbnail","hentry","category-noticies-ca","tag-euro-nmd","tag-european-reference-network","tag-neuromuscular"],"acf":[],"yoast_head":"<!-- This site is optimized with the Yoast SEO plugin v27.2 - https:\/\/yoast.com\/product\/yoast-seo-wordpress\/ -->\n<title>EURO-NMD Meeting. Freiburg 29-30 novembre 2017 - Neuromuscular BCN<\/title>\n<meta name=\"robots\" content=\"index, follow, max-snippet:-1, max-image-preview:large, max-video-preview:-1\" \/>\n<link rel=\"canonical\" href=\"https:\/\/www.neuromuscularbcn.org\/ca\/euro-nmd-meeting-freiburg-29-30-novembre-2017\/\" \/>\n<meta property=\"og:locale\" content=\"ca_ES\" \/>\n<meta property=\"og:type\" content=\"article\" \/>\n<meta property=\"og:title\" content=\"EURO-NMD Meeting. Freiburg 29-30 novembre 2017 - Neuromuscular BCN\" \/>\n<meta property=\"og:description\" content=\"Els propers dies es celebrar\u00e0 a Freiburg (Alemanya) la primera reuni\u00f3 de la Xarxa Europea de Refer\u00e8ncia de Malalties Neuromusculars EURO-NMD. Durant la reuni\u00f3 els diferents grups de treball creats tindr\u00e0 l&#8217;oportunitat de con\u00e8ixer-se i posar en com\u00fa noves idees. Podeu consultar el programa al seg\u00fcent link: http:\/\/ern-euro-nmd.eu\/2017-meeting\/programme\/\" \/>\n<meta property=\"og:url\" content=\"https:\/\/www.neuromuscularbcn.org\/ca\/euro-nmd-meeting-freiburg-29-30-novembre-2017\/\" \/>\n<meta property=\"og:site_name\" content=\"Neuromuscular BCN\" \/>\n<meta property=\"article:published_time\" content=\"2017-11-28T06:00:33+00:00\" \/>\n<meta property=\"article:modified_time\" content=\"2025-04-30T05:06:19+00:00\" \/>\n<meta property=\"og:image\" content=\"https:\/\/www.neuromuscularbcn.org\/wp-content\/uploads\/2025\/03\/euro_nmd_meeting-2.jpg\" \/>\n\t<meta property=\"og:image:width\" content=\"2048\" \/>\n\t<meta property=\"og:image:height\" content=\"1375\" \/>\n\t<meta property=\"og:image:type\" content=\"image\/jpeg\" \/>\n<meta name=\"author\" content=\"Neuromuscular BCN\" \/>\n<meta name=\"twitter:card\" content=\"summary_large_image\" \/>\n<meta name=\"twitter:creator\" content=\"@NMDSantPau\" \/>\n<meta name=\"twitter:site\" content=\"@NMDSantPau\" \/>\n<meta name=\"twitter:label1\" content=\"Escrit per\" \/>\n\t<meta name=\"twitter:data1\" content=\"Neuromuscular BCN\" \/>\n<script type=\"application\/ld+json\" class=\"yoast-schema-graph\">{\"@context\":\"https:\/\/schema.org\",\"@graph\":[{\"@type\":\"Article\",\"@id\":\"https:\/\/www.neuromuscularbcn.org\/ca\/euro-nmd-meeting-freiburg-29-30-novembre-2017\/#article\",\"isPartOf\":{\"@id\":\"https:\/\/www.neuromuscularbcn.org\/ca\/euro-nmd-meeting-freiburg-29-30-novembre-2017\/\"},\"author\":{\"name\":\"Neuromuscular BCN\",\"@id\":\"https:\/\/www.neuromuscularbcn.org\/ca\/#\/schema\/person\/b0c7d47c54d548fc8759ca3893db821f\"},\"headline\":\"EURO-NMD Meeting. Freiburg 29-30 novembre 2017\",\"datePublished\":\"2017-11-28T06:00:33+00:00\",\"dateModified\":\"2025-04-30T05:06:19+00:00\",\"mainEntityOfPage\":{\"@id\":\"https:\/\/www.neuromuscularbcn.org\/ca\/euro-nmd-meeting-freiburg-29-30-novembre-2017\/\"},\"wordCount\":61,\"commentCount\":0,\"publisher\":{\"@id\":\"https:\/\/www.neuromuscularbcn.org\/ca\/#organization\"},\"image\":{\"@id\":\"https:\/\/www.neuromuscularbcn.org\/ca\/euro-nmd-meeting-freiburg-29-30-novembre-2017\/#primaryimage\"},\"thumbnailUrl\":\"https:\/\/www.neuromuscularbcn.org\/wp-content\/uploads\/2025\/03\/euro_nmd_meeting-2.jpg\",\"keywords\":[\"EURO-NMD\",\"European Reference Network\",\"Neuromuscular\"],\"articleSection\":[\"Noticies\"],\"inLanguage\":\"ca\",\"potentialAction\":[{\"@type\":\"CommentAction\",\"name\":\"Comment\",\"target\":[\"https:\/\/www.neuromuscularbcn.org\/ca\/euro-nmd-meeting-freiburg-29-30-novembre-2017\/#respond\"]}]},{\"@type\":\"WebPage\",\"@id\":\"https:\/\/www.neuromuscularbcn.org\/ca\/euro-nmd-meeting-freiburg-29-30-novembre-2017\/\",\"url\":\"https:\/\/www.neuromuscularbcn.org\/ca\/euro-nmd-meeting-freiburg-29-30-novembre-2017\/\",\"name\":\"EURO-NMD Meeting. Freiburg 29-30 novembre 2017 - Neuromuscular BCN\",\"isPartOf\":{\"@id\":\"https:\/\/www.neuromuscularbcn.org\/ca\/#website\"},\"primaryImageOfPage\":{\"@id\":\"https:\/\/www.neuromuscularbcn.org\/ca\/euro-nmd-meeting-freiburg-29-30-novembre-2017\/#primaryimage\"},\"image\":{\"@id\":\"https:\/\/www.neuromuscularbcn.org\/ca\/euro-nmd-meeting-freiburg-29-30-novembre-2017\/#primaryimage\"},\"thumbnailUrl\":\"https:\/\/www.neuromuscularbcn.org\/wp-content\/uploads\/2025\/03\/euro_nmd_meeting-2.jpg\",\"datePublished\":\"2017-11-28T06:00:33+00:00\",\"dateModified\":\"2025-04-30T05:06:19+00:00\",\"breadcrumb\":{\"@id\":\"https:\/\/www.neuromuscularbcn.org\/ca\/euro-nmd-meeting-freiburg-29-30-novembre-2017\/#breadcrumb\"},\"inLanguage\":\"ca\",\"potentialAction\":[{\"@type\":\"ReadAction\",\"target\":[\"https:\/\/www.neuromuscularbcn.org\/ca\/euro-nmd-meeting-freiburg-29-30-novembre-2017\/\"]}]},{\"@type\":\"ImageObject\",\"inLanguage\":\"ca\",\"@id\":\"https:\/\/www.neuromuscularbcn.org\/ca\/euro-nmd-meeting-freiburg-29-30-novembre-2017\/#primaryimage\",\"url\":\"https:\/\/www.neuromuscularbcn.org\/wp-content\/uploads\/2025\/03\/euro_nmd_meeting-2.jpg\",\"contentUrl\":\"https:\/\/www.neuromuscularbcn.org\/wp-content\/uploads\/2025\/03\/euro_nmd_meeting-2.jpg\",\"width\":2048,\"height\":1375},{\"@type\":\"BreadcrumbList\",\"@id\":\"https:\/\/www.neuromuscularbcn.org\/ca\/euro-nmd-meeting-freiburg-29-30-novembre-2017\/#breadcrumb\",\"itemListElement\":[{\"@type\":\"ListItem\",\"position\":1,\"name\":\"Portada\",\"item\":\"https:\/\/www.neuromuscularbcn.org\/ca\/\"},{\"@type\":\"ListItem\",\"position\":2,\"name\":\"EURO-NMD Meeting. Freiburg 29-30 novembre 2017\"}]},{\"@type\":\"WebSite\",\"@id\":\"https:\/\/www.neuromuscularbcn.org\/ca\/#website\",\"url\":\"https:\/\/www.neuromuscularbcn.org\/ca\/\",\"name\":\"Neuromuscular BCN\",\"description\":\"Neuromuscular BCN - Unidad Neuromuscular del hospital de Sant Pau\",\"publisher\":{\"@id\":\"https:\/\/www.neuromuscularbcn.org\/ca\/#organization\"},\"alternateName\":\"Neuromuscular BCN - Unidad Neuromuscular del hospital de Sant Pau\",\"potentialAction\":[{\"@type\":\"SearchAction\",\"target\":{\"@type\":\"EntryPoint\",\"urlTemplate\":\"https:\/\/www.neuromuscularbcn.org\/ca\/?s={search_term_string}\"},\"query-input\":{\"@type\":\"PropertyValueSpecification\",\"valueRequired\":true,\"valueName\":\"search_term_string\"}}],\"inLanguage\":\"ca\"},{\"@type\":\"Organization\",\"@id\":\"https:\/\/www.neuromuscularbcn.org\/ca\/#organization\",\"name\":\"Neuromuscular BCN - Sant Pau\",\"url\":\"https:\/\/www.neuromuscularbcn.org\/ca\/\",\"logo\":{\"@type\":\"ImageObject\",\"inLanguage\":\"ca\",\"@id\":\"https:\/\/www.neuromuscularbcn.org\/ca\/#\/schema\/logo\/image\/\",\"url\":\"https:\/\/www.neuromuscularbcn.org\/wp-content\/uploads\/2025\/06\/cropped-favicon_logotip.png\",\"contentUrl\":\"https:\/\/www.neuromuscularbcn.org\/wp-content\/uploads\/2025\/06\/cropped-favicon_logotip.png\",\"width\":512,\"height\":512,\"caption\":\"Neuromuscular BCN - Sant Pau\"},\"image\":{\"@id\":\"https:\/\/www.neuromuscularbcn.org\/ca\/#\/schema\/logo\/image\/\"},\"sameAs\":[\"https:\/\/x.com\/NMDSantPau\"]},{\"@type\":\"Person\",\"@id\":\"https:\/\/www.neuromuscularbcn.org\/ca\/#\/schema\/person\/b0c7d47c54d548fc8759ca3893db821f\",\"name\":\"Neuromuscular BCN\",\"image\":{\"@type\":\"ImageObject\",\"inLanguage\":\"ca\",\"@id\":\"https:\/\/secure.gravatar.com\/avatar\/4bb160041b62049f31c85ace6e49192f25b6637963d9e1e827859dbd38bd7b6d?s=96&d=mm&r=g\",\"url\":\"https:\/\/secure.gravatar.com\/avatar\/4bb160041b62049f31c85ace6e49192f25b6637963d9e1e827859dbd38bd7b6d?s=96&d=mm&r=g\",\"contentUrl\":\"https:\/\/secure.gravatar.com\/avatar\/4bb160041b62049f31c85ace6e49192f25b6637963d9e1e827859dbd38bd7b6d?s=96&d=mm&r=g\",\"caption\":\"Neuromuscular BCN\"},\"sameAs\":[\"https:\/\/www.neuromuscularbcn.org\"],\"url\":\"https:\/\/www.neuromuscularbcn.org\/ca\/author\/a1\/\"}]}<\/script>\n<!-- \/ Yoast SEO plugin. -->","yoast_head_json":{"title":"EURO-NMD Meeting. Freiburg 29-30 novembre 2017 - Neuromuscular BCN","robots":{"index":"index","follow":"follow","max-snippet":"max-snippet:-1","max-image-preview":"max-image-preview:large","max-video-preview":"max-video-preview:-1"},"canonical":"https:\/\/www.neuromuscularbcn.org\/ca\/euro-nmd-meeting-freiburg-29-30-novembre-2017\/","og_locale":"ca_ES","og_type":"article","og_title":"EURO-NMD Meeting. Freiburg 29-30 novembre 2017 - Neuromuscular BCN","og_description":"Els propers dies es celebrar\u00e0 a Freiburg (Alemanya) la primera reuni\u00f3 de la Xarxa Europea de Refer\u00e8ncia de Malalties Neuromusculars EURO-NMD. Durant la reuni\u00f3 els diferents grups de treball creats tindr\u00e0 l&#8217;oportunitat de con\u00e8ixer-se i posar en com\u00fa noves idees. Podeu consultar el programa al seg\u00fcent link: http:\/\/ern-euro-nmd.eu\/2017-meeting\/programme\/","og_url":"https:\/\/www.neuromuscularbcn.org\/ca\/euro-nmd-meeting-freiburg-29-30-novembre-2017\/","og_site_name":"Neuromuscular BCN","article_published_time":"2017-11-28T06:00:33+00:00","article_modified_time":"2025-04-30T05:06:19+00:00","og_image":[{"width":2048,"height":1375,"url":"https:\/\/www.neuromuscularbcn.org\/wp-content\/uploads\/2025\/03\/euro_nmd_meeting-2.jpg","type":"image\/jpeg"}],"author":"Neuromuscular BCN","twitter_card":"summary_large_image","twitter_creator":"@NMDSantPau","twitter_site":"@NMDSantPau","twitter_misc":{"Escrit per":"Neuromuscular BCN"},"schema":{"@context":"https:\/\/schema.org","@graph":[{"@type":"Article","@id":"https:\/\/www.neuromuscularbcn.org\/ca\/euro-nmd-meeting-freiburg-29-30-novembre-2017\/#article","isPartOf":{"@id":"https:\/\/www.neuromuscularbcn.org\/ca\/euro-nmd-meeting-freiburg-29-30-novembre-2017\/"},"author":{"name":"Neuromuscular BCN","@id":"https:\/\/www.neuromuscularbcn.org\/ca\/#\/schema\/person\/b0c7d47c54d548fc8759ca3893db821f"},"headline":"EURO-NMD Meeting. Freiburg 29-30 novembre 2017","datePublished":"2017-11-28T06:00:33+00:00","dateModified":"2025-04-30T05:06:19+00:00","mainEntityOfPage":{"@id":"https:\/\/www.neuromuscularbcn.org\/ca\/euro-nmd-meeting-freiburg-29-30-novembre-2017\/"},"wordCount":61,"commentCount":0,"publisher":{"@id":"https:\/\/www.neuromuscularbcn.org\/ca\/#organization"},"image":{"@id":"https:\/\/www.neuromuscularbcn.org\/ca\/euro-nmd-meeting-freiburg-29-30-novembre-2017\/#primaryimage"},"thumbnailUrl":"https:\/\/www.neuromuscularbcn.org\/wp-content\/uploads\/2025\/03\/euro_nmd_meeting-2.jpg","keywords":["EURO-NMD","European Reference Network","Neuromuscular"],"articleSection":["Noticies"],"inLanguage":"ca","potentialAction":[{"@type":"CommentAction","name":"Comment","target":["https:\/\/www.neuromuscularbcn.org\/ca\/euro-nmd-meeting-freiburg-29-30-novembre-2017\/#respond"]}]},{"@type":"WebPage","@id":"https:\/\/www.neuromuscularbcn.org\/ca\/euro-nmd-meeting-freiburg-29-30-novembre-2017\/","url":"https:\/\/www.neuromuscularbcn.org\/ca\/euro-nmd-meeting-freiburg-29-30-novembre-2017\/","name":"EURO-NMD Meeting. Freiburg 29-30 novembre 2017 - Neuromuscular BCN","isPartOf":{"@id":"https:\/\/www.neuromuscularbcn.org\/ca\/#website"},"primaryImageOfPage":{"@id":"https:\/\/www.neuromuscularbcn.org\/ca\/euro-nmd-meeting-freiburg-29-30-novembre-2017\/#primaryimage"},"image":{"@id":"https:\/\/www.neuromuscularbcn.org\/ca\/euro-nmd-meeting-freiburg-29-30-novembre-2017\/#primaryimage"},"thumbnailUrl":"https:\/\/www.neuromuscularbcn.org\/wp-content\/uploads\/2025\/03\/euro_nmd_meeting-2.jpg","datePublished":"2017-11-28T06:00:33+00:00","dateModified":"2025-04-30T05:06:19+00:00","breadcrumb":{"@id":"https:\/\/www.neuromuscularbcn.org\/ca\/euro-nmd-meeting-freiburg-29-30-novembre-2017\/#breadcrumb"},"inLanguage":"ca","potentialAction":[{"@type":"ReadAction","target":["https:\/\/www.neuromuscularbcn.org\/ca\/euro-nmd-meeting-freiburg-29-30-novembre-2017\/"]}]},{"@type":"ImageObject","inLanguage":"ca","@id":"https:\/\/www.neuromuscularbcn.org\/ca\/euro-nmd-meeting-freiburg-29-30-novembre-2017\/#primaryimage","url":"https:\/\/www.neuromuscularbcn.org\/wp-content\/uploads\/2025\/03\/euro_nmd_meeting-2.jpg","contentUrl":"https:\/\/www.neuromuscularbcn.org\/wp-content\/uploads\/2025\/03\/euro_nmd_meeting-2.jpg","width":2048,"height":1375},{"@type":"BreadcrumbList","@id":"https:\/\/www.neuromuscularbcn.org\/ca\/euro-nmd-meeting-freiburg-29-30-novembre-2017\/#breadcrumb","itemListElement":[{"@type":"ListItem","position":1,"name":"Portada","item":"https:\/\/www.neuromuscularbcn.org\/ca\/"},{"@type":"ListItem","position":2,"name":"EURO-NMD Meeting. Freiburg 29-30 novembre 2017"}]},{"@type":"WebSite","@id":"https:\/\/www.neuromuscularbcn.org\/ca\/#website","url":"https:\/\/www.neuromuscularbcn.org\/ca\/","name":"Neuromuscular BCN","description":"Neuromuscular BCN - Unidad Neuromuscular del hospital de Sant Pau","publisher":{"@id":"https:\/\/www.neuromuscularbcn.org\/ca\/#organization"},"alternateName":"Neuromuscular BCN - Unidad Neuromuscular del hospital de Sant Pau","potentialAction":[{"@type":"SearchAction","target":{"@type":"EntryPoint","urlTemplate":"https:\/\/www.neuromuscularbcn.org\/ca\/?s={search_term_string}"},"query-input":{"@type":"PropertyValueSpecification","valueRequired":true,"valueName":"search_term_string"}}],"inLanguage":"ca"},{"@type":"Organization","@id":"https:\/\/www.neuromuscularbcn.org\/ca\/#organization","name":"Neuromuscular BCN - Sant Pau","url":"https:\/\/www.neuromuscularbcn.org\/ca\/","logo":{"@type":"ImageObject","inLanguage":"ca","@id":"https:\/\/www.neuromuscularbcn.org\/ca\/#\/schema\/logo\/image\/","url":"https:\/\/www.neuromuscularbcn.org\/wp-content\/uploads\/2025\/06\/cropped-favicon_logotip.png","contentUrl":"https:\/\/www.neuromuscularbcn.org\/wp-content\/uploads\/2025\/06\/cropped-favicon_logotip.png","width":512,"height":512,"caption":"Neuromuscular BCN - Sant Pau"},"image":{"@id":"https:\/\/www.neuromuscularbcn.org\/ca\/#\/schema\/logo\/image\/"},"sameAs":["https:\/\/x.com\/NMDSantPau"]},{"@type":"Person","@id":"https:\/\/www.neuromuscularbcn.org\/ca\/#\/schema\/person\/b0c7d47c54d548fc8759ca3893db821f","name":"Neuromuscular BCN","image":{"@type":"ImageObject","inLanguage":"ca","@id":"https:\/\/secure.gravatar.com\/avatar\/4bb160041b62049f31c85ace6e49192f25b6637963d9e1e827859dbd38bd7b6d?s=96&d=mm&r=g","url":"https:\/\/secure.gravatar.com\/avatar\/4bb160041b62049f31c85ace6e49192f25b6637963d9e1e827859dbd38bd7b6d?s=96&d=mm&r=g","contentUrl":"https:\/\/secure.gravatar.com\/avatar\/4bb160041b62049f31c85ace6e49192f25b6637963d9e1e827859dbd38bd7b6d?s=96&d=mm&r=g","caption":"Neuromuscular BCN"},"sameAs":["https:\/\/www.neuromuscularbcn.org"],"url":"https:\/\/www.neuromuscularbcn.org\/ca\/author\/a1\/"}]}},"_links":{"self":[{"href":"https:\/\/www.neuromuscularbcn.org\/ca\/wp-json\/wp\/v2\/posts\/1229","targetHints":{"allow":["GET"]}}],"collection":[{"href":"https:\/\/www.neuromuscularbcn.org\/ca\/wp-json\/wp\/v2\/posts"}],"about":[{"href":"https:\/\/www.neuromuscularbcn.org\/ca\/wp-json\/wp\/v2\/types\/post"}],"author":[{"embeddable":true,"href":"https:\/\/www.neuromuscularbcn.org\/ca\/wp-json\/wp\/v2\/users\/1"}],"replies":[{"embeddable":true,"href":"https:\/\/www.neuromuscularbcn.org\/ca\/wp-json\/wp\/v2\/comments?post=1229"}],"version-history":[{"count":1,"href":"https:\/\/www.neuromuscularbcn.org\/ca\/wp-json\/wp\/v2\/posts\/1229\/revisions"}],"predecessor-version":[{"id":3170,"href":"https:\/\/www.neuromuscularbcn.org\/ca\/wp-json\/wp\/v2\/posts\/1229\/revisions\/3170"}],"wp:featuredmedia":[{"embeddable":true,"href":"https:\/\/www.neuromuscularbcn.org\/ca\/wp-json\/wp\/v2\/media\/1230"}],"wp:attachment":[{"href":"https:\/\/www.neuromuscularbcn.org\/ca\/wp-json\/wp\/v2\/media?parent=1229"}],"wp:term":[{"taxonomy":"category","embeddable":true,"href":"https:\/\/www.neuromuscularbcn.org\/ca\/wp-json\/wp\/v2\/categories?post=1229"},{"taxonomy":"post_tag","embeddable":true,"href":"https:\/\/www.neuromuscularbcn.org\/ca\/wp-json\/wp\/v2\/tags?post=1229"}],"curies":[{"name":"wp","href":"https:\/\/api.w.org\/{rel}","templated":true}]}}