{"id":1137,"date":"2018-11-09T09:04:35","date_gmt":"2018-11-09T08:04:35","guid":{"rendered":"https:\/\/www.neuromuscularbcn.org\/el-dr-diaz-rep-el-premi-fem-pinya-de-lassociacio-de-pacients-asem-catalunya\/"},"modified":"2025-04-30T07:06:18","modified_gmt":"2025-04-30T05:06:18","slug":"el-dr-diaz-rep-el-premi-fem-pinya-de-lassociacio-de-pacients-asem-catalunya","status":"publish","type":"post","link":"https:\/\/www.neuromuscularbcn.org\/ca\/el-dr-diaz-rep-el-premi-fem-pinya-de-lassociacio-de-pacients-asem-catalunya\/","title":{"rendered":"El Dr. D\u00edaz rep el premi &#8220;Fem pinya&#8221; de l&#8217;Associaci\u00f3 de pacients ASEM Catalunya"},"content":{"rendered":"<p><a href=\"http:\/\/asemcatalunya.com\/wp-content\/uploads\/2018\/09\/2018_tri%CC%81ptic_Fem_Pinya_VDEF.pdf\"><img decoding=\"async\" class=\"alignleft wp-image-3242\" src=\"https:\/\/www.neuromuscularbcn.org\/wp-content\/uploads\/2018\/11\/2018_tr\u00edptic_Fem_Pinya_VDEF-3-783x1200.jpg\" alt=\"\" width=\"386\" height=\"591\" \/><\/a>L&#8217;associaci\u00f3 de pacients de malalties neuromusculars <strong>ASEM Catalunya<\/strong> amb motiu del Dia Nacional de Malalties Neuromusculars (15 de novembre) celebra la <strong>VIII Gala Premis Fem Pinya.<\/strong><\/p>\n<p>Els premis Fem Pinya, s\u00f3n un reconeixement i \/ o agra\u00efment p\u00fablic a persones o entitats que han destacat pel seu suport, reconeixement, valoraci\u00f3 de la causa de les persones amb malalties neuromusculars i el suport a l&#8217;entitat que els aglutina\u00a0<strong>ASEM Catalunya<\/strong>.<\/p>\n<p>Aquest any un dels guardonats \u00e9s el <strong><a href=\"https:\/\/www.neuromuscularbcn.org\/ca\/staff\/jordi-diaz-manera\/\" target=\"_blank\" rel=\"noopener\">Dr. D\u00edaz Manera<\/a> de la Unitat de Malalties Neuromusculars de l&#8217;Hospital de Sant Pau<\/strong>, premiat per la seva implicaci\u00f3 professional en l&#8217;atenci\u00f3 de pacients amb aquesta patologia i la seva col\u00b7laboraci\u00f3 estreta amb <strong>ASEM Catalunya<\/strong>.<\/p>\n<p>La gala tindr\u00e0 lloc el 10 de Novembre a les 18h a la Casa del Mar a Barcelona. <em><strong><a href=\"http:\/\/asemcatalunya.com\/wp-content\/uploads\/2018\/09\/2018_tri%CC%81ptic_Fem_Pinya_VDEF.pdf\" target=\"_blank\" rel=\"noopener\">Programa d&#8217;activitats<\/a><\/strong><\/em><\/p>\n<p>M\u00e9s informaci\u00f3:<br \/>\n<em><a href=\"http:\/\/asemcatalunya.com\/\" target=\"_blank\" rel=\"noopener\">http:\/\/asemcatalunya.com\/<\/a><\/em><\/p>\n","protected":false},"excerpt":{"rendered":"<p>L&#8217;associaci\u00f3 de pacients de malalties neuromusculars ASEM Catalunya amb motiu del Dia Nacional de Malalties Neuromusculars (15 de novembre) celebra la VIII Gala Premis Fem Pinya. Els premis Fem Pinya, s\u00f3n un reconeixement i \/ o agra\u00efment p\u00fablic a persones o entitats que han destacat pel seu suport, reconeixement, valoraci\u00f3 de la causa de les persones amb malalties neuromusculars i el suport a l&#8217;entitat que els aglutina\u00a0ASEM Catalunya. Aquest any un dels guardonats \u00e9s  [&#8230;]<\/p>\n","protected":false},"author":1,"featured_media":1138,"comment_status":"open","ping_status":"open","sticky":false,"template":"","format":"standard","meta":{"_acf_changed":false,"inline_featured_image":false,"footnotes":""},"categories":[221],"tags":[88,89,27],"class_list":["post-1137","post","type-post","status-publish","format-standard","has-post-thumbnail","hentry","category-noticies-ca","tag-associacio-de-pacients","tag-dia-nacional","tag-neuromuscular"],"acf":[],"yoast_head":"<!-- This site is optimized with the Yoast SEO plugin v27.2 - https:\/\/yoast.com\/product\/yoast-seo-wordpress\/ -->\n<title>El Dr. D\u00edaz rep el premi &quot;Fem pinya&quot; de l&#039;Associaci\u00f3 de pacients ASEM Catalunya - Neuromuscular BCN<\/title>\n<meta name=\"robots\" content=\"index, follow, max-snippet:-1, max-image-preview:large, max-video-preview:-1\" \/>\n<link rel=\"canonical\" href=\"https:\/\/www.neuromuscularbcn.org\/ca\/el-dr-diaz-rep-el-premi-fem-pinya-de-lassociacio-de-pacients-asem-catalunya\/\" \/>\n<meta property=\"og:locale\" content=\"ca_ES\" \/>\n<meta property=\"og:type\" content=\"article\" \/>\n<meta property=\"og:title\" content=\"El Dr. D\u00edaz rep el premi &quot;Fem pinya&quot; de l&#039;Associaci\u00f3 de pacients ASEM Catalunya - Neuromuscular BCN\" \/>\n<meta property=\"og:description\" content=\"L&#8217;associaci\u00f3 de pacients de malalties neuromusculars ASEM Catalunya amb motiu del Dia Nacional de Malalties Neuromusculars (15 de novembre) celebra la VIII Gala Premis Fem Pinya. Els premis Fem Pinya, s\u00f3n un reconeixement i \/ o agra\u00efment p\u00fablic a persones o entitats que han destacat pel seu suport, reconeixement, valoraci\u00f3 de la causa de les persones amb malalties neuromusculars i el suport a l&#8217;entitat que els aglutina\u00a0ASEM Catalunya. Aquest any un dels guardonats \u00e9s [...]\" \/>\n<meta property=\"og:url\" content=\"https:\/\/www.neuromuscularbcn.org\/ca\/el-dr-diaz-rep-el-premi-fem-pinya-de-lassociacio-de-pacients-asem-catalunya\/\" \/>\n<meta property=\"og:site_name\" content=\"Neuromuscular BCN\" \/>\n<meta property=\"article:published_time\" content=\"2018-11-09T08:04:35+00:00\" \/>\n<meta property=\"article:modified_time\" content=\"2025-04-30T05:06:18+00:00\" \/>\n<meta property=\"og:image\" content=\"https:\/\/www.neuromuscularbcn.org\/wp-content\/uploads\/2025\/03\/2018_triptic_Fem_Pinya_VDEF-dest_3-1.jpg\" \/>\n\t<meta property=\"og:image:width\" content=\"2183\" \/>\n\t<meta property=\"og:image:height\" content=\"1200\" \/>\n\t<meta property=\"og:image:type\" content=\"image\/jpeg\" \/>\n<meta name=\"author\" content=\"Neuromuscular BCN\" \/>\n<meta name=\"twitter:card\" content=\"summary_large_image\" \/>\n<meta name=\"twitter:creator\" content=\"@NMDSantPau\" \/>\n<meta name=\"twitter:site\" content=\"@NMDSantPau\" \/>\n<meta name=\"twitter:label1\" content=\"Escrit per\" \/>\n\t<meta name=\"twitter:data1\" content=\"Neuromuscular BCN\" \/>\n\t<meta name=\"twitter:label2\" content=\"Temps estimat de lectura\" \/>\n\t<meta name=\"twitter:data2\" content=\"1 minut\" \/>\n<script type=\"application\/ld+json\" class=\"yoast-schema-graph\">{\"@context\":\"https:\/\/schema.org\",\"@graph\":[{\"@type\":\"Article\",\"@id\":\"https:\/\/www.neuromuscularbcn.org\/ca\/el-dr-diaz-rep-el-premi-fem-pinya-de-lassociacio-de-pacients-asem-catalunya\/#article\",\"isPartOf\":{\"@id\":\"https:\/\/www.neuromuscularbcn.org\/ca\/el-dr-diaz-rep-el-premi-fem-pinya-de-lassociacio-de-pacients-asem-catalunya\/\"},\"author\":{\"name\":\"Neuromuscular BCN\",\"@id\":\"https:\/\/www.neuromuscularbcn.org\/ca\/#\/schema\/person\/b0c7d47c54d548fc8759ca3893db821f\"},\"headline\":\"El Dr. D\u00edaz rep el premi &#8220;Fem pinya&#8221; de l&#8217;Associaci\u00f3 de pacients ASEM Catalunya\",\"datePublished\":\"2018-11-09T08:04:35+00:00\",\"dateModified\":\"2025-04-30T05:06:18+00:00\",\"mainEntityOfPage\":{\"@id\":\"https:\/\/www.neuromuscularbcn.org\/ca\/el-dr-diaz-rep-el-premi-fem-pinya-de-lassociacio-de-pacients-asem-catalunya\/\"},\"wordCount\":160,\"commentCount\":0,\"publisher\":{\"@id\":\"https:\/\/www.neuromuscularbcn.org\/ca\/#organization\"},\"image\":{\"@id\":\"https:\/\/www.neuromuscularbcn.org\/ca\/el-dr-diaz-rep-el-premi-fem-pinya-de-lassociacio-de-pacients-asem-catalunya\/#primaryimage\"},\"thumbnailUrl\":\"https:\/\/www.neuromuscularbcn.org\/wp-content\/uploads\/2025\/03\/2018_triptic_Fem_Pinya_VDEF-dest_3-1.jpg\",\"keywords\":[\"Associaci\u00f3 de pacients\",\"Dia Nacional\",\"Neuromuscular\"],\"articleSection\":[\"Noticies\"],\"inLanguage\":\"ca\",\"potentialAction\":[{\"@type\":\"CommentAction\",\"name\":\"Comment\",\"target\":[\"https:\/\/www.neuromuscularbcn.org\/ca\/el-dr-diaz-rep-el-premi-fem-pinya-de-lassociacio-de-pacients-asem-catalunya\/#respond\"]}]},{\"@type\":\"WebPage\",\"@id\":\"https:\/\/www.neuromuscularbcn.org\/ca\/el-dr-diaz-rep-el-premi-fem-pinya-de-lassociacio-de-pacients-asem-catalunya\/\",\"url\":\"https:\/\/www.neuromuscularbcn.org\/ca\/el-dr-diaz-rep-el-premi-fem-pinya-de-lassociacio-de-pacients-asem-catalunya\/\",\"name\":\"El Dr. D\u00edaz rep el premi \\\"Fem pinya\\\" de l'Associaci\u00f3 de pacients ASEM Catalunya - Neuromuscular BCN\",\"isPartOf\":{\"@id\":\"https:\/\/www.neuromuscularbcn.org\/ca\/#website\"},\"primaryImageOfPage\":{\"@id\":\"https:\/\/www.neuromuscularbcn.org\/ca\/el-dr-diaz-rep-el-premi-fem-pinya-de-lassociacio-de-pacients-asem-catalunya\/#primaryimage\"},\"image\":{\"@id\":\"https:\/\/www.neuromuscularbcn.org\/ca\/el-dr-diaz-rep-el-premi-fem-pinya-de-lassociacio-de-pacients-asem-catalunya\/#primaryimage\"},\"thumbnailUrl\":\"https:\/\/www.neuromuscularbcn.org\/wp-content\/uploads\/2025\/03\/2018_triptic_Fem_Pinya_VDEF-dest_3-1.jpg\",\"datePublished\":\"2018-11-09T08:04:35+00:00\",\"dateModified\":\"2025-04-30T05:06:18+00:00\",\"breadcrumb\":{\"@id\":\"https:\/\/www.neuromuscularbcn.org\/ca\/el-dr-diaz-rep-el-premi-fem-pinya-de-lassociacio-de-pacients-asem-catalunya\/#breadcrumb\"},\"inLanguage\":\"ca\",\"potentialAction\":[{\"@type\":\"ReadAction\",\"target\":[\"https:\/\/www.neuromuscularbcn.org\/ca\/el-dr-diaz-rep-el-premi-fem-pinya-de-lassociacio-de-pacients-asem-catalunya\/\"]}]},{\"@type\":\"ImageObject\",\"inLanguage\":\"ca\",\"@id\":\"https:\/\/www.neuromuscularbcn.org\/ca\/el-dr-diaz-rep-el-premi-fem-pinya-de-lassociacio-de-pacients-asem-catalunya\/#primaryimage\",\"url\":\"https:\/\/www.neuromuscularbcn.org\/wp-content\/uploads\/2025\/03\/2018_triptic_Fem_Pinya_VDEF-dest_3-1.jpg\",\"contentUrl\":\"https:\/\/www.neuromuscularbcn.org\/wp-content\/uploads\/2025\/03\/2018_triptic_Fem_Pinya_VDEF-dest_3-1.jpg\",\"width\":2183,\"height\":1200},{\"@type\":\"BreadcrumbList\",\"@id\":\"https:\/\/www.neuromuscularbcn.org\/ca\/el-dr-diaz-rep-el-premi-fem-pinya-de-lassociacio-de-pacients-asem-catalunya\/#breadcrumb\",\"itemListElement\":[{\"@type\":\"ListItem\",\"position\":1,\"name\":\"Portada\",\"item\":\"https:\/\/www.neuromuscularbcn.org\/ca\/\"},{\"@type\":\"ListItem\",\"position\":2,\"name\":\"El Dr. D\u00edaz rep el premi &#8220;Fem pinya&#8221; de l&#8217;Associaci\u00f3 de pacients ASEM Catalunya\"}]},{\"@type\":\"WebSite\",\"@id\":\"https:\/\/www.neuromuscularbcn.org\/ca\/#website\",\"url\":\"https:\/\/www.neuromuscularbcn.org\/ca\/\",\"name\":\"Neuromuscular BCN\",\"description\":\"Neuromuscular BCN - Unidad Neuromuscular del hospital de Sant Pau\",\"publisher\":{\"@id\":\"https:\/\/www.neuromuscularbcn.org\/ca\/#organization\"},\"alternateName\":\"Neuromuscular BCN - Unidad Neuromuscular del hospital de Sant Pau\",\"potentialAction\":[{\"@type\":\"SearchAction\",\"target\":{\"@type\":\"EntryPoint\",\"urlTemplate\":\"https:\/\/www.neuromuscularbcn.org\/ca\/?s={search_term_string}\"},\"query-input\":{\"@type\":\"PropertyValueSpecification\",\"valueRequired\":true,\"valueName\":\"search_term_string\"}}],\"inLanguage\":\"ca\"},{\"@type\":\"Organization\",\"@id\":\"https:\/\/www.neuromuscularbcn.org\/ca\/#organization\",\"name\":\"Neuromuscular BCN - Sant Pau\",\"url\":\"https:\/\/www.neuromuscularbcn.org\/ca\/\",\"logo\":{\"@type\":\"ImageObject\",\"inLanguage\":\"ca\",\"@id\":\"https:\/\/www.neuromuscularbcn.org\/ca\/#\/schema\/logo\/image\/\",\"url\":\"https:\/\/www.neuromuscularbcn.org\/wp-content\/uploads\/2025\/06\/cropped-favicon_logotip.png\",\"contentUrl\":\"https:\/\/www.neuromuscularbcn.org\/wp-content\/uploads\/2025\/06\/cropped-favicon_logotip.png\",\"width\":512,\"height\":512,\"caption\":\"Neuromuscular BCN - Sant Pau\"},\"image\":{\"@id\":\"https:\/\/www.neuromuscularbcn.org\/ca\/#\/schema\/logo\/image\/\"},\"sameAs\":[\"https:\/\/x.com\/NMDSantPau\"]},{\"@type\":\"Person\",\"@id\":\"https:\/\/www.neuromuscularbcn.org\/ca\/#\/schema\/person\/b0c7d47c54d548fc8759ca3893db821f\",\"name\":\"Neuromuscular BCN\",\"image\":{\"@type\":\"ImageObject\",\"inLanguage\":\"ca\",\"@id\":\"https:\/\/secure.gravatar.com\/avatar\/4bb160041b62049f31c85ace6e49192f25b6637963d9e1e827859dbd38bd7b6d?s=96&d=mm&r=g\",\"url\":\"https:\/\/secure.gravatar.com\/avatar\/4bb160041b62049f31c85ace6e49192f25b6637963d9e1e827859dbd38bd7b6d?s=96&d=mm&r=g\",\"contentUrl\":\"https:\/\/secure.gravatar.com\/avatar\/4bb160041b62049f31c85ace6e49192f25b6637963d9e1e827859dbd38bd7b6d?s=96&d=mm&r=g\",\"caption\":\"Neuromuscular BCN\"},\"sameAs\":[\"https:\/\/www.neuromuscularbcn.org\"],\"url\":\"https:\/\/www.neuromuscularbcn.org\/ca\/author\/a1\/\"}]}<\/script>\n<!-- \/ Yoast SEO plugin. -->","yoast_head_json":{"title":"El Dr. D\u00edaz rep el premi \"Fem pinya\" de l'Associaci\u00f3 de pacients ASEM Catalunya - Neuromuscular BCN","robots":{"index":"index","follow":"follow","max-snippet":"max-snippet:-1","max-image-preview":"max-image-preview:large","max-video-preview":"max-video-preview:-1"},"canonical":"https:\/\/www.neuromuscularbcn.org\/ca\/el-dr-diaz-rep-el-premi-fem-pinya-de-lassociacio-de-pacients-asem-catalunya\/","og_locale":"ca_ES","og_type":"article","og_title":"El Dr. D\u00edaz rep el premi \"Fem pinya\" de l'Associaci\u00f3 de pacients ASEM Catalunya - Neuromuscular BCN","og_description":"L&#8217;associaci\u00f3 de pacients de malalties neuromusculars ASEM Catalunya amb motiu del Dia Nacional de Malalties Neuromusculars (15 de novembre) celebra la VIII Gala Premis Fem Pinya. Els premis Fem Pinya, s\u00f3n un reconeixement i \/ o agra\u00efment p\u00fablic a persones o entitats que han destacat pel seu suport, reconeixement, valoraci\u00f3 de la causa de les persones amb malalties neuromusculars i el suport a l&#8217;entitat que els aglutina\u00a0ASEM Catalunya. Aquest any un dels guardonats \u00e9s [...]","og_url":"https:\/\/www.neuromuscularbcn.org\/ca\/el-dr-diaz-rep-el-premi-fem-pinya-de-lassociacio-de-pacients-asem-catalunya\/","og_site_name":"Neuromuscular BCN","article_published_time":"2018-11-09T08:04:35+00:00","article_modified_time":"2025-04-30T05:06:18+00:00","og_image":[{"width":2183,"height":1200,"url":"https:\/\/www.neuromuscularbcn.org\/wp-content\/uploads\/2025\/03\/2018_triptic_Fem_Pinya_VDEF-dest_3-1.jpg","type":"image\/jpeg"}],"author":"Neuromuscular BCN","twitter_card":"summary_large_image","twitter_creator":"@NMDSantPau","twitter_site":"@NMDSantPau","twitter_misc":{"Escrit per":"Neuromuscular BCN","Temps estimat de lectura":"1 minut"},"schema":{"@context":"https:\/\/schema.org","@graph":[{"@type":"Article","@id":"https:\/\/www.neuromuscularbcn.org\/ca\/el-dr-diaz-rep-el-premi-fem-pinya-de-lassociacio-de-pacients-asem-catalunya\/#article","isPartOf":{"@id":"https:\/\/www.neuromuscularbcn.org\/ca\/el-dr-diaz-rep-el-premi-fem-pinya-de-lassociacio-de-pacients-asem-catalunya\/"},"author":{"name":"Neuromuscular BCN","@id":"https:\/\/www.neuromuscularbcn.org\/ca\/#\/schema\/person\/b0c7d47c54d548fc8759ca3893db821f"},"headline":"El Dr. D\u00edaz rep el premi &#8220;Fem pinya&#8221; de l&#8217;Associaci\u00f3 de pacients ASEM Catalunya","datePublished":"2018-11-09T08:04:35+00:00","dateModified":"2025-04-30T05:06:18+00:00","mainEntityOfPage":{"@id":"https:\/\/www.neuromuscularbcn.org\/ca\/el-dr-diaz-rep-el-premi-fem-pinya-de-lassociacio-de-pacients-asem-catalunya\/"},"wordCount":160,"commentCount":0,"publisher":{"@id":"https:\/\/www.neuromuscularbcn.org\/ca\/#organization"},"image":{"@id":"https:\/\/www.neuromuscularbcn.org\/ca\/el-dr-diaz-rep-el-premi-fem-pinya-de-lassociacio-de-pacients-asem-catalunya\/#primaryimage"},"thumbnailUrl":"https:\/\/www.neuromuscularbcn.org\/wp-content\/uploads\/2025\/03\/2018_triptic_Fem_Pinya_VDEF-dest_3-1.jpg","keywords":["Associaci\u00f3 de pacients","Dia Nacional","Neuromuscular"],"articleSection":["Noticies"],"inLanguage":"ca","potentialAction":[{"@type":"CommentAction","name":"Comment","target":["https:\/\/www.neuromuscularbcn.org\/ca\/el-dr-diaz-rep-el-premi-fem-pinya-de-lassociacio-de-pacients-asem-catalunya\/#respond"]}]},{"@type":"WebPage","@id":"https:\/\/www.neuromuscularbcn.org\/ca\/el-dr-diaz-rep-el-premi-fem-pinya-de-lassociacio-de-pacients-asem-catalunya\/","url":"https:\/\/www.neuromuscularbcn.org\/ca\/el-dr-diaz-rep-el-premi-fem-pinya-de-lassociacio-de-pacients-asem-catalunya\/","name":"El Dr. D\u00edaz rep el premi \"Fem pinya\" de l'Associaci\u00f3 de pacients ASEM Catalunya - Neuromuscular BCN","isPartOf":{"@id":"https:\/\/www.neuromuscularbcn.org\/ca\/#website"},"primaryImageOfPage":{"@id":"https:\/\/www.neuromuscularbcn.org\/ca\/el-dr-diaz-rep-el-premi-fem-pinya-de-lassociacio-de-pacients-asem-catalunya\/#primaryimage"},"image":{"@id":"https:\/\/www.neuromuscularbcn.org\/ca\/el-dr-diaz-rep-el-premi-fem-pinya-de-lassociacio-de-pacients-asem-catalunya\/#primaryimage"},"thumbnailUrl":"https:\/\/www.neuromuscularbcn.org\/wp-content\/uploads\/2025\/03\/2018_triptic_Fem_Pinya_VDEF-dest_3-1.jpg","datePublished":"2018-11-09T08:04:35+00:00","dateModified":"2025-04-30T05:06:18+00:00","breadcrumb":{"@id":"https:\/\/www.neuromuscularbcn.org\/ca\/el-dr-diaz-rep-el-premi-fem-pinya-de-lassociacio-de-pacients-asem-catalunya\/#breadcrumb"},"inLanguage":"ca","potentialAction":[{"@type":"ReadAction","target":["https:\/\/www.neuromuscularbcn.org\/ca\/el-dr-diaz-rep-el-premi-fem-pinya-de-lassociacio-de-pacients-asem-catalunya\/"]}]},{"@type":"ImageObject","inLanguage":"ca","@id":"https:\/\/www.neuromuscularbcn.org\/ca\/el-dr-diaz-rep-el-premi-fem-pinya-de-lassociacio-de-pacients-asem-catalunya\/#primaryimage","url":"https:\/\/www.neuromuscularbcn.org\/wp-content\/uploads\/2025\/03\/2018_triptic_Fem_Pinya_VDEF-dest_3-1.jpg","contentUrl":"https:\/\/www.neuromuscularbcn.org\/wp-content\/uploads\/2025\/03\/2018_triptic_Fem_Pinya_VDEF-dest_3-1.jpg","width":2183,"height":1200},{"@type":"BreadcrumbList","@id":"https:\/\/www.neuromuscularbcn.org\/ca\/el-dr-diaz-rep-el-premi-fem-pinya-de-lassociacio-de-pacients-asem-catalunya\/#breadcrumb","itemListElement":[{"@type":"ListItem","position":1,"name":"Portada","item":"https:\/\/www.neuromuscularbcn.org\/ca\/"},{"@type":"ListItem","position":2,"name":"El Dr. D\u00edaz rep el premi &#8220;Fem pinya&#8221; de l&#8217;Associaci\u00f3 de pacients ASEM Catalunya"}]},{"@type":"WebSite","@id":"https:\/\/www.neuromuscularbcn.org\/ca\/#website","url":"https:\/\/www.neuromuscularbcn.org\/ca\/","name":"Neuromuscular BCN","description":"Neuromuscular BCN - Unidad Neuromuscular del hospital de Sant Pau","publisher":{"@id":"https:\/\/www.neuromuscularbcn.org\/ca\/#organization"},"alternateName":"Neuromuscular BCN - Unidad Neuromuscular del hospital de Sant Pau","potentialAction":[{"@type":"SearchAction","target":{"@type":"EntryPoint","urlTemplate":"https:\/\/www.neuromuscularbcn.org\/ca\/?s={search_term_string}"},"query-input":{"@type":"PropertyValueSpecification","valueRequired":true,"valueName":"search_term_string"}}],"inLanguage":"ca"},{"@type":"Organization","@id":"https:\/\/www.neuromuscularbcn.org\/ca\/#organization","name":"Neuromuscular BCN - Sant Pau","url":"https:\/\/www.neuromuscularbcn.org\/ca\/","logo":{"@type":"ImageObject","inLanguage":"ca","@id":"https:\/\/www.neuromuscularbcn.org\/ca\/#\/schema\/logo\/image\/","url":"https:\/\/www.neuromuscularbcn.org\/wp-content\/uploads\/2025\/06\/cropped-favicon_logotip.png","contentUrl":"https:\/\/www.neuromuscularbcn.org\/wp-content\/uploads\/2025\/06\/cropped-favicon_logotip.png","width":512,"height":512,"caption":"Neuromuscular BCN - Sant Pau"},"image":{"@id":"https:\/\/www.neuromuscularbcn.org\/ca\/#\/schema\/logo\/image\/"},"sameAs":["https:\/\/x.com\/NMDSantPau"]},{"@type":"Person","@id":"https:\/\/www.neuromuscularbcn.org\/ca\/#\/schema\/person\/b0c7d47c54d548fc8759ca3893db821f","name":"Neuromuscular BCN","image":{"@type":"ImageObject","inLanguage":"ca","@id":"https:\/\/secure.gravatar.com\/avatar\/4bb160041b62049f31c85ace6e49192f25b6637963d9e1e827859dbd38bd7b6d?s=96&d=mm&r=g","url":"https:\/\/secure.gravatar.com\/avatar\/4bb160041b62049f31c85ace6e49192f25b6637963d9e1e827859dbd38bd7b6d?s=96&d=mm&r=g","contentUrl":"https:\/\/secure.gravatar.com\/avatar\/4bb160041b62049f31c85ace6e49192f25b6637963d9e1e827859dbd38bd7b6d?s=96&d=mm&r=g","caption":"Neuromuscular BCN"},"sameAs":["https:\/\/www.neuromuscularbcn.org"],"url":"https:\/\/www.neuromuscularbcn.org\/ca\/author\/a1\/"}]}},"_links":{"self":[{"href":"https:\/\/www.neuromuscularbcn.org\/ca\/wp-json\/wp\/v2\/posts\/1137","targetHints":{"allow":["GET"]}}],"collection":[{"href":"https:\/\/www.neuromuscularbcn.org\/ca\/wp-json\/wp\/v2\/posts"}],"about":[{"href":"https:\/\/www.neuromuscularbcn.org\/ca\/wp-json\/wp\/v2\/types\/post"}],"author":[{"embeddable":true,"href":"https:\/\/www.neuromuscularbcn.org\/ca\/wp-json\/wp\/v2\/users\/1"}],"replies":[{"embeddable":true,"href":"https:\/\/www.neuromuscularbcn.org\/ca\/wp-json\/wp\/v2\/comments?post=1137"}],"version-history":[{"count":1,"href":"https:\/\/www.neuromuscularbcn.org\/ca\/wp-json\/wp\/v2\/posts\/1137\/revisions"}],"predecessor-version":[{"id":3162,"href":"https:\/\/www.neuromuscularbcn.org\/ca\/wp-json\/wp\/v2\/posts\/1137\/revisions\/3162"}],"wp:featuredmedia":[{"embeddable":true,"href":"https:\/\/www.neuromuscularbcn.org\/ca\/wp-json\/wp\/v2\/media\/1138"}],"wp:attachment":[{"href":"https:\/\/www.neuromuscularbcn.org\/ca\/wp-json\/wp\/v2\/media?parent=1137"}],"wp:term":[{"taxonomy":"category","embeddable":true,"href":"https:\/\/www.neuromuscularbcn.org\/ca\/wp-json\/wp\/v2\/categories?post=1137"},{"taxonomy":"post_tag","embeddable":true,"href":"https:\/\/www.neuromuscularbcn.org\/ca\/wp-json\/wp\/v2\/tags?post=1137"}],"curies":[{"name":"wp","href":"https:\/\/api.w.org\/{rel}","templated":true}]}}